{"id":398165,"date":"2024-04-03T20:41:05","date_gmt":"2024-04-03T18:41:05","guid":{"rendered":"https:\/\/www.pcnen.com\/portal\/?p=398165"},"modified":"2024-04-03T20:41:05","modified_gmt":"2024-04-03T18:41:05","slug":"dusko-saric-ubuduce-u-kucnom-pritvoru","status":"publish","type":"post","link":"https:\/\/www.pcnen.com\/portal\/2024\/04\/03\/dusko-saric-ubuduce-u-kucnom-pritvoru\/","title":{"rendered":"Du\u0161ko \u0160ari\u0107 ubudu\u0107e u ku\u0107nom pritvoru"},"content":{"rendered":"<p>Poslije tri mjeseca provedenih u pritvoru, Du\u0161ko \u0160ari\u0107, ro\u0111eni brat Darka \u0160ari\u0107a, ubudu\u0107e \u0107e na su\u0111enje u postupku za planiranje ubistva i diskreditaciju svjedoka saradnika dolaziti od ku\u0107e, <a href=\"https:\/\/n1info.rs\/vesti\/dusko-saric-ide-u-kucni-pritvor-jemstvo-800-hiljada-evra\/\" target=\"_blank\" rel=\"noopener\">javlja<\/a> n1info.rs.<\/p>\n<p>Za jemstvo \u0107e biti polo\u017eeno 800 hiljada eura.<\/p>\n<p>Du\u0161ko \u0160ari\u0107 se predao srbijanskoj policiji 4. januara 2024.<\/p>\n<blockquote class=\"wp-embedded-content\" data-secret=\"UWwRLkTbiz\"><p><a href=\"https:\/\/www.pcnen.com\/portal\/2024\/01\/04\/dusko-saric-se-predao-srbijanskoj-policiji\/\">Du\u0161ko \u0160ari\u0107 se predao srbijanskoj policiji<\/a><\/p><\/blockquote>\n<p><iframe loading=\"lazy\" class=\"wp-embedded-content\" sandbox=\"allow-scripts\" security=\"restricted\" style=\"position: absolute; clip: rect(1px, 1px, 1px, 1px);\" title=\"&#8220;Du\u0161ko \u0160ari\u0107 se predao srbijanskoj policiji&#8221; &#8212; PCNEN\" src=\"https:\/\/www.pcnen.com\/portal\/2024\/01\/04\/dusko-saric-se-predao-srbijanskoj-policiji\/embed\/#?secret=75OZIJVdAH#?secret=UWwRLkTbiz\" data-secret=\"UWwRLkTbiz\" width=\"600\" height=\"338\" frameborder=\"0\" marginwidth=\"0\" marginheight=\"0\" scrolling=\"no\"><\/iframe><\/p>\n","protected":false},"excerpt":{"rendered":"<p>Poslije tri mjeseca provedenih u pritvoru, Du\u0161ko \u0160ari\u0107, ro\u0111eni brat Darka \u0160ari\u0107a, ubudu\u0107e \u0107e na su\u0111enje u postupku za planiranje ubistva i diskreditaciju svjedoka saradnika dolaziti od ku\u0107e<\/p>\n","protected":false},"author":1,"featured_media":350621,"comment_status":"open","ping_status":"closed","sticky":false,"template":"","format":"standard","meta":{"_seopress_robots_primary_cat":"none","_seopress_titles_title":"","_seopress_titles_desc":"","_seopress_robots_index":"","_et_pb_use_builder":"","_et_pb_old_content":"","_et_gb_content_width":"","inline_featured_image":false,"footnotes":""},"categories":[14],"tags":[],"class_list":["post-398165","post","type-post","status-publish","format-standard","has-post-thumbnail","hentry","category-vijesti"],"_links":{"self":[{"href":"https:\/\/www.pcnen.com\/portal\/wp-json\/wp\/v2\/posts\/398165","targetHints":{"allow":["GET"]}}],"collection":[{"href":"https:\/\/www.pcnen.com\/portal\/wp-json\/wp\/v2\/posts"}],"about":[{"href":"https:\/\/www.pcnen.com\/portal\/wp-json\/wp\/v2\/types\/post"}],"author":[{"embeddable":true,"href":"https:\/\/www.pcnen.com\/portal\/wp-json\/wp\/v2\/users\/1"}],"replies":[{"embeddable":true,"href":"https:\/\/www.pcnen.com\/portal\/wp-json\/wp\/v2\/comments?post=398165"}],"version-history":[{"count":1,"href":"https:\/\/www.pcnen.com\/portal\/wp-json\/wp\/v2\/posts\/398165\/revisions"}],"predecessor-version":[{"id":398168,"href":"https:\/\/www.pcnen.com\/portal\/wp-json\/wp\/v2\/posts\/398165\/revisions\/398168"}],"wp:featuredmedia":[{"embeddable":true,"href":"https:\/\/www.pcnen.com\/portal\/wp-json\/wp\/v2\/media\/350621"}],"wp:attachment":[{"href":"https:\/\/www.pcnen.com\/portal\/wp-json\/wp\/v2\/media?parent=398165"}],"wp:term":[{"taxonomy":"category","embeddable":true,"href":"https:\/\/www.pcnen.com\/portal\/wp-json\/wp\/v2\/categories?post=398165"},{"taxonomy":"post_tag","embeddable":true,"href":"https:\/\/www.pcnen.com\/portal\/wp-json\/wp\/v2\/tags?post=398165"}],"curies":[{"name":"wp","href":"https:\/\/api.w.org\/{rel}","templated":true}]}}