{"id":39737,"date":"2010-11-16T16:23:40","date_gmt":"2010-11-16T16:23:40","guid":{"rendered":"http:\/\/www.pcnen.com\/portal\/?p=39737"},"modified":"2010-11-16T16:23:40","modified_gmt":"2010-11-16T16:23:40","slug":"dusko-saric-negira-sve-optuzbe-o-trgovini-kokainom","status":"publish","type":"post","link":"https:\/\/www.pcnen.com\/portal\/2010\/11\/16\/dusko-saric-negira-sve-optuzbe-o-trgovini-kokainom\/","title":{"rendered":"Du\u0161ko \u0160ari\u0107 negira sve optu\u017ebe o trgovini kokainom"},"content":{"rendered":"<p>Du&scaron;ko &Scaron;ari\u0107 (38) iz Pljevala, mla\u0111i brat odbeglog Darka &Scaron;ari\u0107a (40), saslu&scaron;an je danas kog dr\u017eavog tu\u017eioca u Bijelom Polju, i odbacio sve optu\u017ebe koje ga dovode u vezu s trgovinom narkoticima na teritoriji Italije.<\/p>\n<p>On je negirao sve navode krivi\u010dne prijave, koja ga tereti da je \u010dlan organzovane kriminalne grupe od 53 \u010dlana s prostora biv&scaron;e Jugoslavije i Italije, osumnji\u010dene za rasturanje kokaina na teritoriji Italije, rekao je <em>Tanjugu<\/em> njegov branilac Mom\u010dilo Mini\u0107.<\/p>\n<p>Prema rije\u010dima advokata, Du&scaron;ko &Scaron;ari\u0107 nije mogao detaljno da se brani jer krivi\u010dnom prijavom nije precizirano koje mu se radnje izvr&scaron;enja stavljaju na teret, ali \u017eeli da iznese svoju odbranu jer tvrdi da nema veze s me\u0111unarodnim &scaron;vercom kokaina.<\/p>\n<p>Advokat Mini\u0107 je kazao da \u0107e njegov branjenik sjutra biti izveden pred istra\u017enog sudiju u Bijelom Polju, koji \u0107e odlu\u010diti da li \u0107e mu odrediti pritvor.<\/p>\n<p>Policija Crne Gore uhapsila je Du&scaron;ka &Scaron;ari\u0107a i dva srpska dr\u017eavljana &#8211; Vitomira Baji\u0107a i Srpka Klisura iz Priboja, na osnovu potjernice Interpola u Rimu, a u sklopu me\u0111unarodne policijske operacije &quot;Loptice&quot;.<\/p>\n<p>Du&scaron;ko &Scaron;ari\u0107 je mla\u0111i brat odbjeglog Darka &Scaron;ari\u0107a, koga potra\u017euje srpsko Tu\u017eila&scaron;tvo za organizovani kriminal kao organizatora grupe koja je poku&scaron;ala da pro&scaron;vercuje vi&scaron;e od dvije i po tone kokaina iz Latinske Amerike u Evropu, i za pranje novca koji je stekao kriminalnim delatnostima.<\/p>\n<p>U nastavka akcije &quot;Balkanski ratnik&quot;, danas je na teritoriji Italije, Crne Gore, Slovenije i Srbije uhap&scaron;eno oko 80 osumnji\u010denih za trgovinu drogom, koji se dovode u vezu sa odbjeglim Darkom &Scaron;ari\u0107em.<\/p>\n<p>Ova me\u0111unarodna akcija, sprovedena po molbi Italijanske direkcije za borbu protiv mafije, koja je izdala nalog za hap&scaron;enje 108 osumnji\u010denih za trgovinu drogom na teritoriji Italije, a nisu obuhva\u0107eni postupcima koji se ve\u0107 vode protiv djelova &Scaron;ari\u0107eve grupe u Srbiji i Sloveniji.<\/p>\n","protected":false},"excerpt":{"rendered":"<p>Du&scaron;ko &Scaron;ari\u0107 (38) iz Pljevala, mla\u0111i brat odbeglog Darka &Scaron;ari\u0107a (40), saslu&scaron;an je danas kog dr\u017eavog tu\u017eioca u Bijelom Polju, i odbacio sve optu\u017ebe koje ga dovode u vezu s trgovinom narkoticima na teritoriji Italije. On je negirao sve navode krivi\u010dne prijave, koja ga tereti da je \u010dlan organzovane kriminalne grupe od 53 \u010dlana s [&hellip;]<\/p>\n","protected":false},"author":1,"featured_media":0,"comment_status":"open","ping_status":"closed","sticky":false,"template":"","format":"standard","meta":{"_seopress_robots_primary_cat":"","_seopress_titles_title":"","_seopress_titles_desc":"","_seopress_robots_index":"","_et_pb_use_builder":"","_et_pb_old_content":"","_et_gb_content_width":"","inline_featured_image":false,"footnotes":""},"categories":[14],"tags":[],"class_list":["post-39737","post","type-post","status-publish","format-standard","hentry","category-vijesti"],"_links":{"self":[{"href":"https:\/\/www.pcnen.com\/portal\/wp-json\/wp\/v2\/posts\/39737","targetHints":{"allow":["GET"]}}],"collection":[{"href":"https:\/\/www.pcnen.com\/portal\/wp-json\/wp\/v2\/posts"}],"about":[{"href":"https:\/\/www.pcnen.com\/portal\/wp-json\/wp\/v2\/types\/post"}],"author":[{"embeddable":true,"href":"https:\/\/www.pcnen.com\/portal\/wp-json\/wp\/v2\/users\/1"}],"replies":[{"embeddable":true,"href":"https:\/\/www.pcnen.com\/portal\/wp-json\/wp\/v2\/comments?post=39737"}],"version-history":[{"count":0,"href":"https:\/\/www.pcnen.com\/portal\/wp-json\/wp\/v2\/posts\/39737\/revisions"}],"wp:attachment":[{"href":"https:\/\/www.pcnen.com\/portal\/wp-json\/wp\/v2\/media?parent=39737"}],"wp:term":[{"taxonomy":"category","embeddable":true,"href":"https:\/\/www.pcnen.com\/portal\/wp-json\/wp\/v2\/categories?post=39737"},{"taxonomy":"post_tag","embeddable":true,"href":"https:\/\/www.pcnen.com\/portal\/wp-json\/wp\/v2\/tags?post=39737"}],"curies":[{"name":"wp","href":"https:\/\/api.w.org\/{rel}","templated":true}]}}