{"id":397079,"date":"2024-03-23T14:01:58","date_gmt":"2024-03-23T13:01:58","guid":{"rendered":"https:\/\/www.pcnen.com\/portal\/?p=397079"},"modified":"2024-03-23T14:02:16","modified_gmt":"2024-03-23T13:02:16","slug":"putin-kaznicemo-svakog-ko-stoji-iza-ledja-terorista","status":"publish","type":"post","link":"https:\/\/www.pcnen.com\/portal\/2024\/03\/23\/putin-kaznicemo-svakog-ko-stoji-iza-ledja-terorista\/","title":{"rendered":"Putin: Kaznic\u0301emo svakog ko stoji iza le\u0111a terorista"},"content":{"rendered":"<p>Predsjednik Ruske federacije Vladimir Putin je poru\u010dio da c\u0301e Rusija kazniti sve odgovorne za smrt civila koji su stradali u sino\u0107njem teroristi\u010dkom napadu kod Moskve i saop\u0161tio da su u dr\u017eavi uvedene antiteroristi\u010dke mjere.<\/p>\n<p>&#8220;Kao nekad nacisti, zamislili su da izvr\u0161e demonstrativno pogubljenje. Svi izvr\u0161ioci, organizatori i naru\u010dioci snosic\u0301e kaznu, ko god da su. Kaznic\u0301emo svakog ko stoji iza le\u0111a terorista, ko je spremao taj udar po Rusiji i po na\u0161em narodu&#8221;, rekao je Putin.<\/p>\n<p>On je, kako prenosi Sputnjik, kazao da je sada najva\u017enije &#8220;da ne damo svima onima koji su odgovorni za ovaj zlo\u010din, da naprave dodatne zlo\u010dine&#8221;.<\/p>\n<blockquote class=\"wp-embedded-content\" data-secret=\"Hb9a6Hu2Ir\"><p><a href=\"https:\/\/www.pcnen.com\/portal\/2024\/03\/23\/moskva-u-teroristickom-napadu-poginulo-115-osoba\/\">Moskva: U teroristi\u010dkom napadu poginule 143 osoba<\/a><\/p><\/blockquote>\n<p><iframe loading=\"lazy\" class=\"wp-embedded-content\" sandbox=\"allow-scripts\" security=\"restricted\" style=\"position: absolute; clip: rect(1px, 1px, 1px, 1px);\" title=\"&#8220;Moskva: U teroristi\u010dkom napadu poginule 143 osoba&#8221; &#8212; PCNEN\" src=\"https:\/\/www.pcnen.com\/portal\/2024\/03\/23\/moskva-u-teroristickom-napadu-poginulo-115-osoba\/embed\/#?secret=WhD3bUrmpN#?secret=Hb9a6Hu2Ir\" data-secret=\"Hb9a6Hu2Ir\" width=\"600\" height=\"338\" frameborder=\"0\" marginwidth=\"0\" marginheight=\"0\" scrolling=\"no\"><\/iframe><\/p>\n","protected":false},"excerpt":{"rendered":"<p>Predsjednik Ruske federacije Vladimir Putin je poru\u010dio da c\u0301e Rusija kazniti sve odgovorne za smrt civila koji su stradali u sino\u0107njem teroristi\u010dkom napadu kod Moskve i saop\u0161tio da su u dr\u017eavi uvedene antiteroristi\u010dke mjere<\/p>\n","protected":false},"author":1,"featured_media":364784,"comment_status":"open","ping_status":"closed","sticky":false,"template":"","format":"standard","meta":{"_seopress_robots_primary_cat":"none","_seopress_titles_title":"","_seopress_titles_desc":"","_seopress_robots_index":"","_et_pb_use_builder":"","_et_pb_old_content":"","_et_gb_content_width":"","inline_featured_image":false,"footnotes":""},"categories":[14],"tags":[],"class_list":["post-397079","post","type-post","status-publish","format-standard","has-post-thumbnail","hentry","category-vijesti"],"_links":{"self":[{"href":"https:\/\/www.pcnen.com\/portal\/wp-json\/wp\/v2\/posts\/397079","targetHints":{"allow":["GET"]}}],"collection":[{"href":"https:\/\/www.pcnen.com\/portal\/wp-json\/wp\/v2\/posts"}],"about":[{"href":"https:\/\/www.pcnen.com\/portal\/wp-json\/wp\/v2\/types\/post"}],"author":[{"embeddable":true,"href":"https:\/\/www.pcnen.com\/portal\/wp-json\/wp\/v2\/users\/1"}],"replies":[{"embeddable":true,"href":"https:\/\/www.pcnen.com\/portal\/wp-json\/wp\/v2\/comments?post=397079"}],"version-history":[{"count":2,"href":"https:\/\/www.pcnen.com\/portal\/wp-json\/wp\/v2\/posts\/397079\/revisions"}],"predecessor-version":[{"id":397083,"href":"https:\/\/www.pcnen.com\/portal\/wp-json\/wp\/v2\/posts\/397079\/revisions\/397083"}],"wp:featuredmedia":[{"embeddable":true,"href":"https:\/\/www.pcnen.com\/portal\/wp-json\/wp\/v2\/media\/364784"}],"wp:attachment":[{"href":"https:\/\/www.pcnen.com\/portal\/wp-json\/wp\/v2\/media?parent=397079"}],"wp:term":[{"taxonomy":"category","embeddable":true,"href":"https:\/\/www.pcnen.com\/portal\/wp-json\/wp\/v2\/categories?post=397079"},{"taxonomy":"post_tag","embeddable":true,"href":"https:\/\/www.pcnen.com\/portal\/wp-json\/wp\/v2\/tags?post=397079"}],"curies":[{"name":"wp","href":"https:\/\/api.w.org\/{rel}","templated":true}]}}