{"id":395960,"date":"2024-03-11T16:36:55","date_gmt":"2024-03-11T15:36:55","guid":{"rendered":"https:\/\/www.pcnen.com\/portal\/?p=395960"},"modified":"2024-03-11T16:36:55","modified_gmt":"2024-03-11T15:36:55","slug":"suzana-mugosa-kaznjena-30-odsto-od-zarade-tri-mjeseca-i-zabranom-napredovanja-dvije-godine","status":"publish","type":"post","link":"https:\/\/www.pcnen.com\/portal\/2024\/03\/11\/suzana-mugosa-kaznjena-30-odsto-od-zarade-tri-mjeseca-i-zabranom-napredovanja-dvije-godine\/","title":{"rendered":"Suzana Mugo\u0161a ka\u017enjena 30 odsto od zarade tri mjeseca i zabranom napredovanja dvije godine"},"content":{"rendered":"<p>Sutkinja Suzana Mugo\u0161a odgovorna je za to \u0161to je po\u010dinila te\u017ei disciplinski prekr\u0161aj iz \u010dlana 108 stav tri ta\u010dka 13 &#8211; odluka je Disciplinskog vije\u0107a Sudskog savjeta koju je saop\u0161tio predsjednik tog vije\u0107a Fikret Kurga\u0161.<\/p>\n<p>&#8220;Nezadovoljna strana, odnosno sutkinja Suzana Mugo\u0161a i disciplinski tu\u017eilac imaju pravo \u017ealbe Vrhovnom sudu gdje je Vrhovni sud du\u017ean da u roku 30 dana donese kona\u010dnu odluku&#8221;,\u00a0 kazao je Kurga\u0161.<\/p>\n<p>Optu\u017eni predlog, kojim Mugo\u0161u terete da je po\u010dinila te\u017ei disciplinski prekr\u0161aj izjaviv\u0161i kako i ona vjeruje da je presuda Apelacionog suda u predmetu &#8220;Dr\u017eavni udar\u201c kupljena, podnijela je disciplinska tu\u017eiteljka Dijana Radulovi\u0107.<\/p>\n<p>Svojom izjavom da je presuda Apelacionog suda u predmetu poznatom kao \u201cDr\u017eavni udar\u201d kupljena, iznijela sam li\u010dno uvjerenje \u0161to je dio moga prava na slobodu izra\u017eavanja i za\u0161titu li\u010dnog i porodi\u010dnog \u017eivota, a kontekst moje izjave mora biti cijenjen u odnosu na prethodne izjave politi\u010dara koji su me optu\u017eivali za korupciju, kazala je tokom ranije rasprave Disciplinskog vije\u0107a Sudskog savjeta, sutkinja Vi\u0161eg suda u Podgorici\u00a0Suzana Mugo\u0161a.<br \/>\n&#8220;Ja sam bila u svojoj ku\u0107i kada sam dala izjavu, nisam vr\u0161ila sudijsku funkciju, nisam bila na javnom mjestu. Smatram da sam se pona\u0161ala primjereno&#8221;, kazala je Mugo\u0161a komantari\u0161u\u0107i prvi prekr\u0161aj za koji je terete.<\/p>\n<blockquote class=\"wp-embedded-content\" data-secret=\"sEAhkXvhon\"><p><a href=\"https:\/\/www.pcnen.com\/portal\/2024\/01\/17\/suzana-mugosa-uplela-necijeg-ambasadora-u-navodnu-kupovinu-presude-apelacionog-suda\/\">Suzana Mugo\u0161a &#8216;uplela&#8217; ne\u010dijeg ambasadora u navodnu kupovinu presude Apelacionog suda<\/a><\/p><\/blockquote>\n<p><iframe loading=\"lazy\" class=\"wp-embedded-content\" sandbox=\"allow-scripts\" security=\"restricted\" style=\"position: absolute; clip: rect(1px, 1px, 1px, 1px);\" title=\"&#8220;Suzana Mugo\u0161a &#8216;uplela&#8217; ne\u010dijeg ambasadora u navodnu kupovinu presude Apelacionog suda&#8221; &#8212; PCNEN\" src=\"https:\/\/www.pcnen.com\/portal\/2024\/01\/17\/suzana-mugosa-uplela-necijeg-ambasadora-u-navodnu-kupovinu-presude-apelacionog-suda\/embed\/#?secret=ZuYYKMuCg9#?secret=sEAhkXvhon\" data-secret=\"sEAhkXvhon\" width=\"600\" height=\"338\" frameborder=\"0\" marginwidth=\"0\" marginheight=\"0\" scrolling=\"no\"><\/iframe><\/p>\n","protected":false},"excerpt":{"rendered":"<p>Sutkinja Suzana Mugo\u0161a odgovorna je za to \u0161to je po\u010dinila te\u017ei disciplinski prekr\u0161aj iz \u010dlana 108 stav tri ta\u010dka 13 &#8211; odluka je Disciplinskog vije\u0107a Sudskog savjeta koju je saop\u0161tio predsjednik tog vije\u0107a Fikret Kurga\u0161.<\/p>\n","protected":false},"author":1,"featured_media":390320,"comment_status":"open","ping_status":"closed","sticky":false,"template":"","format":"standard","meta":{"_seopress_robots_primary_cat":"none","_seopress_titles_title":"","_seopress_titles_desc":"","_seopress_robots_index":"","_et_pb_use_builder":"","_et_pb_old_content":"","_et_gb_content_width":"","inline_featured_image":false,"footnotes":""},"categories":[14],"tags":[],"class_list":["post-395960","post","type-post","status-publish","format-standard","has-post-thumbnail","hentry","category-vijesti"],"_links":{"self":[{"href":"https:\/\/www.pcnen.com\/portal\/wp-json\/wp\/v2\/posts\/395960","targetHints":{"allow":["GET"]}}],"collection":[{"href":"https:\/\/www.pcnen.com\/portal\/wp-json\/wp\/v2\/posts"}],"about":[{"href":"https:\/\/www.pcnen.com\/portal\/wp-json\/wp\/v2\/types\/post"}],"author":[{"embeddable":true,"href":"https:\/\/www.pcnen.com\/portal\/wp-json\/wp\/v2\/users\/1"}],"replies":[{"embeddable":true,"href":"https:\/\/www.pcnen.com\/portal\/wp-json\/wp\/v2\/comments?post=395960"}],"version-history":[{"count":1,"href":"https:\/\/www.pcnen.com\/portal\/wp-json\/wp\/v2\/posts\/395960\/revisions"}],"predecessor-version":[{"id":395963,"href":"https:\/\/www.pcnen.com\/portal\/wp-json\/wp\/v2\/posts\/395960\/revisions\/395963"}],"wp:featuredmedia":[{"embeddable":true,"href":"https:\/\/www.pcnen.com\/portal\/wp-json\/wp\/v2\/media\/390320"}],"wp:attachment":[{"href":"https:\/\/www.pcnen.com\/portal\/wp-json\/wp\/v2\/media?parent=395960"}],"wp:term":[{"taxonomy":"category","embeddable":true,"href":"https:\/\/www.pcnen.com\/portal\/wp-json\/wp\/v2\/categories?post=395960"},{"taxonomy":"post_tag","embeddable":true,"href":"https:\/\/www.pcnen.com\/portal\/wp-json\/wp\/v2\/tags?post=395960"}],"curies":[{"name":"wp","href":"https:\/\/api.w.org\/{rel}","templated":true}]}}