{"id":395572,"date":"2024-03-07T17:17:19","date_gmt":"2024-03-07T16:17:19","guid":{"rendered":"https:\/\/www.pcnen.com\/portal\/?p=395572"},"modified":"2024-03-07T17:17:19","modified_gmt":"2024-03-07T16:17:19","slug":"srbija-i-rs-nastavljaju-projekat-buk-bijela-cg-trazi-procjenu-uticaja","status":"publish","type":"post","link":"https:\/\/www.pcnen.com\/portal\/2024\/03\/07\/srbija-i-rs-nastavljaju-projekat-buk-bijela-cg-trazi-procjenu-uticaja\/","title":{"rendered":"Srbija i RS nastavljaju projekat Buk Bijela, CG tra\u017ei procjenu uticaja"},"content":{"rendered":"<p>Republika Srpska i Srbije nemaju namjeru da stanu sa projektom hidroelektrane Buk Bijela, a Crna Gora ne\u0107e biti barijera u njegovoj realizaciji, ali tra\u017ei validnu procjenu da li ugro\u017eava Durmitor i Taru, poru\u010deno je nakon sastanka resornih ministara Srbije, Republike Srpske i Crne Gore.<\/p>\n<p>Ministar energetike i rudarstva Srpske Petar \u0110oki\u0107 je rekao, nakon sastanka sa resornim ministrima Srbije Dubravkom \u0110edovi\u0107 Handanovi\u0107 i Crne Gore Sa\u0161om Mujovi\u0107em, da je va\u017eno zavr\u0161iti zapo\u010dete projekte i rije\u0161iti otvorena pitanja.<\/p>\n<p>\u201cSrpska nema namjeru da stane, a mi smo danas \u010duli da Vlada i Elektroprivreda Srbije rade na projektu, ali moramo da otklonimo pitanja koja izazivaju zabrinutost\u201d, \u00a0poru\u010dio je \u0110oki\u0107.<\/p>\n<p>On je naveo da je ovaj projekat vrijedan 40 miliona eura i da je u pripremne radove do sada protro\u0161eno 12 miliona eura.<\/p>\n<p>Handanovi\u0107 je rekla da su pripremni radovi na Buk Bijeloj zavr\u0161eni, ali da je neophodno otkloniti prepreke koje postoje u Federaciji BiH i prona\u0107i odr\u017eiva rje\u0161enja.<\/p>\n<p>Ona je navela da su u ovaj zajedni\u010dki projekat Srbija i Srpska ulo\u017eile mnogo novca, da su prethodno ura\u0111eni i zavr\u0161eni pripremni radovi i da se radi na studiji uticaja na \u017eivotnu sredinu, prenosi RTRS.<\/p>\n<p>Mujovi\u0107 je rekao da u istoj mjeri koliko voli energetiku, toliko i po\u0161tuje svoju zemlju i odluke crnogorskog parlamenta da se za\u0161tite Tara i Durmitor.<\/p>\n<p>\u201cMi ne\u0107emo biti kamen spoticanja i barijera u realizaciji projekta Buk Bijela, samo tra\u017eimo validnu procjenu da li ugro\u017eava Durmitor i Taru. Ako ne ugro\u017eava, apsolutno u Crnoj Gori ne\u0107ete imati problem. Ne \u017eelimo da na bilo koji na\u010din usporavamo razvoj bilo koje dr\u017eave\u201d, \u00a0rekao je Mujovi\u0107.<\/p>\n<p><a href=\"https:\/\/www.pcnen.com\/portal\/?s=Buk+Bijela\" target=\"_blank\" rel=\"noopener\">VEZANE VIJESTI<\/a><\/p>\n","protected":false},"excerpt":{"rendered":"<p>Republika Srpska i Srbije nemaju namjeru da stanu sa projektom hidroelektrane Buk Bijela, a Crna Gora ne\u0107e biti barijera u njegovoj realizaciji, ali tra\u017ei validnu procjenu da li ugro\u017eava Durmitor i Taru, poru\u010deno je nakon sastanka resornih ministara Srbije, Republike Srpske i Crne Gore.<\/p>\n","protected":false},"author":1,"featured_media":383107,"comment_status":"open","ping_status":"closed","sticky":false,"template":"","format":"standard","meta":{"_seopress_robots_primary_cat":"none","_seopress_titles_title":"","_seopress_titles_desc":"","_seopress_robots_index":"","_et_pb_use_builder":"","_et_pb_old_content":"","_et_gb_content_width":"","inline_featured_image":false,"footnotes":""},"categories":[14],"tags":[],"class_list":["post-395572","post","type-post","status-publish","format-standard","has-post-thumbnail","hentry","category-vijesti"],"_links":{"self":[{"href":"https:\/\/www.pcnen.com\/portal\/wp-json\/wp\/v2\/posts\/395572","targetHints":{"allow":["GET"]}}],"collection":[{"href":"https:\/\/www.pcnen.com\/portal\/wp-json\/wp\/v2\/posts"}],"about":[{"href":"https:\/\/www.pcnen.com\/portal\/wp-json\/wp\/v2\/types\/post"}],"author":[{"embeddable":true,"href":"https:\/\/www.pcnen.com\/portal\/wp-json\/wp\/v2\/users\/1"}],"replies":[{"embeddable":true,"href":"https:\/\/www.pcnen.com\/portal\/wp-json\/wp\/v2\/comments?post=395572"}],"version-history":[{"count":1,"href":"https:\/\/www.pcnen.com\/portal\/wp-json\/wp\/v2\/posts\/395572\/revisions"}],"predecessor-version":[{"id":395575,"href":"https:\/\/www.pcnen.com\/portal\/wp-json\/wp\/v2\/posts\/395572\/revisions\/395575"}],"wp:featuredmedia":[{"embeddable":true,"href":"https:\/\/www.pcnen.com\/portal\/wp-json\/wp\/v2\/media\/383107"}],"wp:attachment":[{"href":"https:\/\/www.pcnen.com\/portal\/wp-json\/wp\/v2\/media?parent=395572"}],"wp:term":[{"taxonomy":"category","embeddable":true,"href":"https:\/\/www.pcnen.com\/portal\/wp-json\/wp\/v2\/categories?post=395572"},{"taxonomy":"post_tag","embeddable":true,"href":"https:\/\/www.pcnen.com\/portal\/wp-json\/wp\/v2\/tags?post=395572"}],"curies":[{"name":"wp","href":"https:\/\/api.w.org\/{rel}","templated":true}]}}