{"id":395443,"date":"2024-03-06T18:14:47","date_gmt":"2024-03-06T17:14:47","guid":{"rendered":"https:\/\/www.pcnen.com\/portal\/?p=395443"},"modified":"2024-03-06T18:38:53","modified_gmt":"2024-03-06T17:38:53","slug":"biljana-vankovska-gradjanima-i-gradjankama-makedonije-nudi-izlazak-iz-nato-a-vojnu-neutralnost-multivektorsku-spoljnu-politiku","status":"publish","type":"post","link":"https:\/\/www.pcnen.com\/portal\/2024\/03\/06\/biljana-vankovska-gradjanima-i-gradjankama-makedonije-nudi-izlazak-iz-nato-a-vojnu-neutralnost-multivektorsku-spoljnu-politiku\/","title":{"rendered":"Biljana Vankovska gra\u0111anima i gra\u0111ankama Makedonije nudi izlazak iz NATO-a, vojnu neutralnost, multivektorsku spoljnu politiku&#8230;"},"content":{"rendered":"<p><strong><em>Univerzitetska profesorica Biljana Vankovska kandidatkinja je Levice na predstoje\u0107im predsjedni\u010dkim izborima u S.Makedoniji. Kao \u0161to joj i ime govori, Levica je ljevi\u010darska stranka osnovana 14. novembra 2015. godine ima status parlamentarne stranke.<\/em><\/strong><\/p>\n<p><strong><em>Biljana, koju znam dugi niz godina i sa kojom dijelim ljevi\u010darska politi\u010dka ubje\u0111enja, je neko vrijeme svoje redovne kolumne iz Nove Makedonije prevodila i <a href=\"https:\/\/www.pcnen.com\/portal\/2015\/10\/05\/u-odbranu-tirana\/\" target=\"_blank\" rel=\"noopener\">objavljivala<\/a> na portalu PCNEN, a i nije prvi put da <a href=\"https:\/\/www.pcnen.com\/portal\/2020\/09\/03\/stabilitokratija-je-drugo-ime-za-nazadovanje-i-tiho-umiranje\/\" target=\"_blank\" rel=\"noopener\">razgovaramo<\/a> za ovaj medij.<\/em><\/strong><\/p>\n<blockquote><p><strong>PCNEN:<\/strong> Kako te je Levica nagovorila da prihvati\u0161 kandidaturu za predsjednicu Makedonije? \u010cime su te namamili?<\/p><\/blockquote>\n<p><strong>Biljana VANKOVSKA:<\/strong> Priznajem da sam odluku donijela nakon du\u017eeg razmi\u0161ljanja. Nakon nekoliko godina dobrovoljnog izgnanstva sa medijske scene u Makedoniji (osim redovne kolumne u Novoj Makedoniji) i posve\u0107enosti isklju\u010divo nau\u010dnom radu, po\u010dela sam da u\u017eivam u toj svojoj osami i stvorila sebi konfornu zonu. Polako dolazi i vrijeme za penziju, pa sam planirala da ostvarim svoj stari san da napi\u0161em roman. Kada su mi ljudi iz Levice do\u0161li sa pozivom, najprije sam se nasmijala i nisam sebe ozbiljno vidjela u tim prvim borbenim redovima. Ali kasnije, presudnu ulogu je imao moj partner, koji mi je jasno pokazao dilemu sa kojom se suo\u010davam: ne mogu biti dosljedna sebi i sa\u010duvati svoj integritet ako samo izvan politi\u010dke arene navijam i pi\u0161em ljevi\u010darske kolumne, a sada kada sam potrebna jedinoj pravoj ljevi\u010darskoj stranci da se dr\u017eim po strani. Drugim rije\u010dima, izgubila bih pravo da sebe nazivam ljevi\u010darkom, ako postanem salonska intelektualka. Ukratko, namamila me svijest i savjest da je vrijeme pre\u0107i sa rije\u010di na djela. Da citiram druga Tita!<\/p>\n<div id=\"attachment_395448\" style=\"width: 1290px\" class=\"wp-caption aligncenter\"><img loading=\"lazy\" decoding=\"async\" aria-describedby=\"caption-attachment-395448\" class=\"size-full wp-image-395448\" src=\"https:\/\/www.pcnen.com\/portal\/wp-content\/uploads\/2024\/03\/biljana-vankovska-i-dimitar-apasiev.jpg\" alt=\"Biljana Vankovska i Dimitar Apasiev\" width=\"1280\" height=\"854\" srcset=\"https:\/\/www.pcnen.com\/portal\/wp-content\/uploads\/2024\/03\/biljana-vankovska-i-dimitar-apasiev.jpg 1280w, https:\/\/www.pcnen.com\/portal\/wp-content\/uploads\/2024\/03\/biljana-vankovska-i-dimitar-apasiev-980x654.jpg 980w, https:\/\/www.pcnen.com\/portal\/wp-content\/uploads\/2024\/03\/biljana-vankovska-i-dimitar-apasiev-480x320.jpg 480w\" sizes=\"(min-width: 0px) and (max-width: 480px) 480px, (min-width: 481px) and (max-width: 980px) 980px, (min-width: 981px) 1280px, 100vw\" \/><p id=\"caption-attachment-395448\" class=\"wp-caption-text\">Biljana Vankovska i lider Levice Dimitar Apasiev<\/p><\/div>\n<blockquote><p><strong>PCNEN:<\/strong> Je li u Makedoniji zrelo vrijeme za ljevi\u010darsku pri\u010du?<\/p><\/blockquote>\n<p><strong>BV:<\/strong> Ono kroz \u0161ta je prolazila i prolazi Makedonija nije mnogo razli\u010dito od pri\u010de o Balkanu na po\u010detku vijeka. U\u0161li smo i nikako da iza\u0111emo iz tzv. tranzicije. Politi\u010dka stranka koja me podr\u017eava na izborima, Levica, je proiza\u0161la iz nekoliko ljevi\u010darskih i socijalnih pokreta, da bi 2015. godine odlu\u010dila da je neophodna borba za promjene kroz institucije. Stranku su osnovali uglavnom mladi ljudi koji sebe nazivaju \u201cdjecom tranzicije\u201d. Dakle, to su djeca radnika koji su ostali bez posla, zemljoradnika kojima su propala udru\u017eenja, itd. Ve\u0107ina njih je vidjela samo muke svojih roditelja, oru\u017eani sukob, duboku korupciju, segregaciju, i dr\u017eavu zarobljenu izme\u0111u dva bloka &#8211; jedan je politi\u010dki blok tzv. velikih stranaka (VMRO-DPMNE i SDSM), a drugi je etni\u010dki \u2013 koalicione vlade po etni\u010dkom principu.<\/p>\n<p>Dio ovih ljudi su sami sebi izborila put do pozicije univerzitetskih profesora (najbolji primjer je lider stranke, prof. Dimitar Apasiev, jedan od najbriljantnijih pravnika i oratora u zemlji). Ono \u0161to me kod njih odu\u0161evljavalo od samog po\u010detka je ne samo lijeva ideologija, nego i hrabrost i spremnost za samo\u017ertvovanje. Oni su izabrali te\u017ei put ka uspjehu \u2013 mogli su postati partijski vojnici i dobiti pozicije, tj. igrati na sigurno, ali su ipak odlu\u010dili da se bore za ideale i svojim vlastitim snagama.<\/p>\n<p>Naravno da tu ima jo\u0161 dosta posla oko sazrijevanja, pa \u010dak i ideolo\u0161ke kristalizacije i okretanja ka modernoj ljevici u svijetu tehnofeudalizma (da upotrijebim termin Yanisa Varoufakisa). Ima i lutanja, i potrebe za edukacijom, ali \u010dak i u ovom stadijumu najve\u0107i uspjeh Levice je da iza sebe imam mlade ljude, studente, ali i one starije koji se sje\u0107aju da socijalizam nije bio crn kako se danas pretstavlja. Ne samo u Makedoniji, po meni, i svijetu je neophodna lijeva opcija, jer kako je krenulo svi \u0107emo zavr\u0161iti u barbarstvu.<\/p>\n<p>Naravno da je Levica (i ljevica uop\u0161te) na lo\u0161em glasu kod mainstream politi\u010dkim krugovima, medija, nevladinog sektora, stranih ambasada\u2026 Idu dotle da ih nazivaju ultradesni\u010darima, samo zato \u0161to vjeruju da su Makedoncima poga\u017eena sva ljudska prava u ime NATO i evropskih integracija, \u0161to je \u010dista istina nakon svih neokolonijalnih \u201csporazuma\u201d i promjena Ustava.<\/p>\n<blockquote><p><strong>PCNEN:<\/strong> Koje su tvoje klju\u010dne poruke na koje o\u010dekuje\u0161 pozitivan odgovor bira\u010da i bira\u010dica?<\/p><\/blockquote>\n<p><strong>BV:<\/strong> Kao profesorica koja predaje predmet Politi\u010dki sistem Makedonije, ne mogu sebi dopustiti da budem kao klasi\u010dni politi\u010dari koji obe\u0107avaju i ono \u0161to im nije u ustavnoj nadle\u017enosti. Dakle, paradoks je u tome \u0161to predsjednika Republike biraju gra\u0111ani (i to sa visokim cenzusom), a ovla\u0161\u0107enja su prili\u010dno uska. Zato se i nadam da \u0107e gra\u0111ani vidjeti da je predsjednik li\u010dnost, da svojim moralnim i politi\u010dkim kredibilitetom mo\u017ee biti korektor ostalih vlasti i biti glas naroda (vox populi).<\/p>\n<p>Principi za koje se zala\u017eem su socijalna pravda, jednakost, solidarnost, internacionalizam, antimilitarizam i razvijanje saradnje u multipolarnom poretku. Neki \u0107e predlozi izazvati paniku u nekim stranim ambasadama (kao izlazak iz NATO saveza, demilitarizacija dru\u0161tva, vojna neutralnost, multivektorska spoljna politika i to na bazi prioriteta nacionalnih interesa, dono\u0161enje novog ustava, koji \u0107e ukinuti etni\u010dku segregaciju iz 2001, itd).<\/p>\n<p>Skoro \u010detvrt stolje\u0107a kako su gra\u0111ani dovedeni u stanje da vjeruju da su NATO i EU religija i da \u201cnema druge alternative\u201d, ali ve\u0107 su umorni od \u010dekanja da nas \u201cNATO brani, a EU hrani\u201d (da citiram na\u0161eg poznatog pisca i kolumniste Venka Andonovskog). Pri tome, sistem upravljanja je ono \u0161to je crnogorski kolega Sr\u0111a Pavlovi\u0107 ta\u010dno opisao kao stabilokratiju: strani (zapadni) faktor podr\u017eava i nitkove sve dok su korisni za njihove geopoliti\u010dke ciljeve.<\/p>\n<p>Kao \u0161to sam rekla, Makedonija je etni\u010dki podijeljeno dru\u0161tvo i ponekad imam osje\u0107aj da konflikt iz 2001. nije nikada zavr\u0161io. To sada dovodi u pitanje koheziju dru\u0161tva. Mladi odlaze i zemlja po\u010dinje da li\u010di na stara\u010dki dom, dom za umiranje. Radikalne mjere su neophodne, a velike stranke bi \u201cmore of the same\u201d, tj. da zadr\u017ee status quo i da se samo mijenjaju na vlasti bez ikakvih promjena. Nadam se da je ljudima preko glave izbora bez izbora i alternativa, i da \u0107e povjerenje dati ljudima koji \u017eele da mijenjaju dru\u0161tvo iz korijena- radikalno.<\/p>\n<div id=\"attachment_395447\" style=\"width: 1290px\" class=\"wp-caption aligncenter\"><img loading=\"lazy\" decoding=\"async\" aria-describedby=\"caption-attachment-395447\" class=\"size-full wp-image-395447\" src=\"https:\/\/www.pcnen.com\/portal\/wp-content\/uploads\/2024\/03\/vankovska-i-levica.jpg\" alt=\"Vankovska i Levica\" width=\"1280\" height=\"1707\" srcset=\"https:\/\/www.pcnen.com\/portal\/wp-content\/uploads\/2024\/03\/vankovska-i-levica.jpg 1280w, https:\/\/www.pcnen.com\/portal\/wp-content\/uploads\/2024\/03\/vankovska-i-levica-980x1307.jpg 980w, https:\/\/www.pcnen.com\/portal\/wp-content\/uploads\/2024\/03\/vankovska-i-levica-480x640.jpg 480w\" sizes=\"(min-width: 0px) and (max-width: 480px) 480px, (min-width: 481px) and (max-width: 980px) 980px, (min-width: 981px) 1280px, 100vw\" \/><p id=\"caption-attachment-395447\" class=\"wp-caption-text\">Vankovska i Levica: Zala\u017eu se za socijalnu pravdu, jednakost, solidarnost, internacionalizam, antimilitarizam i razvijanje saradnje u multipolarnom poretku<\/p><\/div>\n<blockquote><p><strong>PCNEN:<\/strong> Ima li aktuelna makedonska ljevi\u010darska pri\u010da inspirativni potencijala za nas iz ostatka Balkana?<\/p><\/blockquote>\n<p><strong>BV:<\/strong> Na\u017ealost, ljevica je i dalje ne\u0161to \u010dega se mnogi pla\u0161e (kao da smo iza\u0161li iz Komunisti\u010dkog manifesta), a slabosti unutar lijevih stranaka su, na\u017ealost, legendarne.<\/p>\n<p>Mi smo u ovom zadnjem parlamentarnom sastavu imali samo dvoje poslanika iz Levice i onu su u\u010dinili vi\u0161e nego najve\u0107a opoziciona stranka, koja se i dalje trudi da zadovolji i strance, i biznise, i Albance (ta\u010dnije albanske stranke, da bi imali tzv. koalicioni potencijal nakon izbora), a ne nudi ni\u0161ta konkretno. Njihova je teza: dajte nam vlast, pa \u0107emo vam tada re\u0107i \u0161to \u0107emo raditi. Nezadovoljstvo sada\u0161nom vladom je neopisivo (ona je do\u0161la na \u010delo dr\u017eave nakon tzv. \u0160arene revolucije, a da nije imala ni\u0161ta zajedni\u010dko sa revolucijom ve\u0107 sa svrgavanjem Gruevskog i zadr\u017eavanjem neoliberalizma).<\/p>\n<p>Ovo \u0107e biti borba izme\u0111u (jednog lijevog) Davida i nekoliko Golijata, \u0161to zna\u010di da \u0107u se suo\u010diti sa udru\u017eenim snagama status quo-a. Moj je prvi cilj bio skupljanje potrebnih 10.000 potpisa za kandidaturu, a sada se spremam da napravim malo \u010dudo ulaskom u drugi krug predsjedni\u010dkih izbora. Skoro u isto vrijeme, Levica se sprema za parlamentarne izbore koji bi joj trebali donijeti dvocifreni broj poslanika, \u010dime bi ona postala korektor u neprincipijelnom politi\u010dkom i etni\u010dkom trgovanju na ra\u010din gra\u0111ana.<\/p>\n<blockquote><p><strong>PCNEN:<\/strong> Ako Evropa ide udesno, mo\u017ee li Balkan udariti kontra smjerom i dosanjati prekinutu socijalisti\u010dku budu\u0107nost?<\/p><\/blockquote>\n<p><strong>BV:<\/strong> U Evropi se de\u0161ava sva\u0161ta i u desnom i u lijevom bloku, ali je \u010dinjenica da se trese u temelju san o zoni mira i progresa. Pla\u0161im se da pod pritiskom SAD, Evropa gubi i vlastiti identitet i blagostanje, jer se sve vi\u0161e militarizuje. Smatram da je neophodno ujedinjavanje svih lijevih snaga, ne samo u na\u0161em regionu i na kontinentu, ve\u0107 i globalno. Jer alternativa bi bila globalno uni\u0161tenje i civilizacije i planete. Mo\u017eda smo jo\u0161 nedovoljno jaki, a gra\u0111ani upla\u0161eni i pokorni, ali svako od nas, na kraju krajeva, odlu\u010duje na koju \u0107e stranu stati. Makar da je i gubitni\u010dka, bitno je da je moralna i u korist nejakih i siroma\u0161nih, nasuprot mo\u0107nih i ratobornih.<\/p>\n<blockquote><p><strong>Du\u0161ko VUKOVI\u0106<\/strong><\/p><\/blockquote>\n","protected":false},"excerpt":{"rendered":"<p>Skoro \u010detvrt stolje\u0107a kako su gra\u0111ani dovedeni u stanje da vjeruju da su NATO i EU religija i da \u201cnema druge alternative\u201d, ali ve\u0107 su umorni od \u010dekanja da nas \u201cNATO brani, a EU hrani\u201d<\/p>\n","protected":false},"author":1,"featured_media":395446,"comment_status":"open","ping_status":"closed","sticky":false,"template":"","format":"standard","meta":{"_seopress_robots_primary_cat":"none","_seopress_titles_title":"","_seopress_titles_desc":"","_seopress_robots_index":"","_et_pb_use_builder":"","_et_pb_old_content":"","_et_gb_content_width":"","inline_featured_image":false,"footnotes":""},"categories":[4,14],"tags":[],"class_list":["post-395443","post","type-post","status-publish","format-standard","has-post-thumbnail","hentry","category-intervjui","category-vijesti"],"_links":{"self":[{"href":"https:\/\/www.pcnen.com\/portal\/wp-json\/wp\/v2\/posts\/395443","targetHints":{"allow":["GET"]}}],"collection":[{"href":"https:\/\/www.pcnen.com\/portal\/wp-json\/wp\/v2\/posts"}],"about":[{"href":"https:\/\/www.pcnen.com\/portal\/wp-json\/wp\/v2\/types\/post"}],"author":[{"embeddable":true,"href":"https:\/\/www.pcnen.com\/portal\/wp-json\/wp\/v2\/users\/1"}],"replies":[{"embeddable":true,"href":"https:\/\/www.pcnen.com\/portal\/wp-json\/wp\/v2\/comments?post=395443"}],"version-history":[{"count":6,"href":"https:\/\/www.pcnen.com\/portal\/wp-json\/wp\/v2\/posts\/395443\/revisions"}],"predecessor-version":[{"id":395454,"href":"https:\/\/www.pcnen.com\/portal\/wp-json\/wp\/v2\/posts\/395443\/revisions\/395454"}],"wp:featuredmedia":[{"embeddable":true,"href":"https:\/\/www.pcnen.com\/portal\/wp-json\/wp\/v2\/media\/395446"}],"wp:attachment":[{"href":"https:\/\/www.pcnen.com\/portal\/wp-json\/wp\/v2\/media?parent=395443"}],"wp:term":[{"taxonomy":"category","embeddable":true,"href":"https:\/\/www.pcnen.com\/portal\/wp-json\/wp\/v2\/categories?post=395443"},{"taxonomy":"post_tag","embeddable":true,"href":"https:\/\/www.pcnen.com\/portal\/wp-json\/wp\/v2\/tags?post=395443"}],"curies":[{"name":"wp","href":"https:\/\/api.w.org\/{rel}","templated":true}]}}