{"id":395349,"date":"2024-03-05T19:50:37","date_gmt":"2024-03-05T18:50:37","guid":{"rendered":"https:\/\/www.pcnen.com\/portal\/?p=395349"},"modified":"2024-03-05T19:50:37","modified_gmt":"2024-03-05T18:50:37","slug":"knezevic-zatrazio-hapsenje-katnica-sdt-porucilo-da-ce-provjeriti-tvrdnje-svjedoka-velimirovica","status":"publish","type":"post","link":"https:\/\/www.pcnen.com\/portal\/2024\/03\/05\/knezevic-zatrazio-hapsenje-katnica-sdt-porucilo-da-ce-provjeriti-tvrdnje-svjedoka-velimirovica\/","title":{"rendered":"Kne\u017eevi\u0107 zatra\u017eio hap\u0161enje Katni\u0107a, SDT poru\u010dilo da \u0107e provjeriti tvrdnje svjedoka Velimirovi\u0107a"},"content":{"rendered":"<p>Specijalno dr\u017eavno tu\u017eila\u0161tvo je saop\u0161tilo da \u0107e provjeriti tvrdnje Mirka Velimirovi\u010da, svjedoka u predmetu poznatom kao poku\u0161aj dr\u017eavnog udara, koji je u razgovoru za porta In4S priznao da je la\u017eno svjedo\u010dio protiv optu\u017eenih.<\/p>\n<p>Jedan od optu\u017eenih, predsjednik Demokratske narodne partije Milan Kne\u017eevi\u0107 zatra\u017eio je danas, nakon Velimirovi\u0107evog priznanja, da se obustavi postupak protiv optu\u017eenih, a Specijalno dr\u017eavno tu\u017eila\u0161tvo je pozvao da uhapse uhapse Milivoja Katni\u0107a, biv\u0161eg glavnog specijalnog tu\u017eioca, i Dejana Peruni\u010di\u0107a, nekkada\u0161njeg \u0161efa Agencijje za nacionalnu bezbjednost.<\/p>\n<p><iframe loading=\"lazy\" style=\"border: none; overflow: hidden;\" src=\"https:\/\/www.facebook.com\/plugins\/video.php?height=314&amp;href=https%3A%2F%2Fwww.facebook.com%2Fdnpcg%2Fvideos%2F427859226375562%2F&amp;show_text=false&amp;width=560&amp;t=0\" width=\"560\" height=\"314\" frameborder=\"0\" scrolling=\"no\" allowfullscreen=\"allowfullscreen\"><\/iframe><\/p>\n<p>Prvostepena presuda Kne\u017eavi\u0107u, lideru Nove srpske demokratije Andriji Mandi\u0107u i dugima ukinuo je Apelacioni sud i predmet vratio na ponovno su\u0111enje.<\/p>\n<blockquote class=\"wp-embedded-content\" data-secret=\"VztQizvZJx\"><p><a href=\"https:\/\/www.pcnen.com\/portal\/2024\/03\/04\/velimirovic-izvinjavam-se-optuzenima-u-slucaju-drzavni-udar-lazno-sam-svjedocio-video\/\">Velimirovi\u0107: Izvinjavam se optu\u017eenima u slu\u010daju \u201cdr\u017eavni udar\u201d, la\u017eno sam svjedo\u010dio (video)<\/a><\/p><\/blockquote>\n<p><iframe loading=\"lazy\" class=\"wp-embedded-content\" sandbox=\"allow-scripts\" security=\"restricted\" style=\"position: absolute; clip: rect(1px, 1px, 1px, 1px);\" title=\"&#8220;Velimirovi\u0107: Izvinjavam se optu\u017eenima u slu\u010daju \u201cdr\u017eavni udar\u201d, la\u017eno sam svjedo\u010dio (video)&#8221; &#8212; PCNEN\" src=\"https:\/\/www.pcnen.com\/portal\/2024\/03\/04\/velimirovic-izvinjavam-se-optuzenima-u-slucaju-drzavni-udar-lazno-sam-svjedocio-video\/embed\/#?secret=6csVJkgLt2#?secret=VztQizvZJx\" data-secret=\"VztQizvZJx\" width=\"600\" height=\"338\" frameborder=\"0\" marginwidth=\"0\" marginheight=\"0\" scrolling=\"no\"><\/iframe><\/p>\n<p>&nbsp;<\/p>\n","protected":false},"excerpt":{"rendered":"<p>Specijalno dr\u017eavno tu\u017eila\u0161tvo je saop\u0161tilo da \u0107e provjeriti tvrdnje Mirka Velimirovi\u010da, svjedoka u predmetu poznatom kao poku\u0161aj dr\u017eavnog udara, koji je u razgovoru za porta In4S priznao da je la\u017eno svjedo\u010dio protiv optu\u017eenih. Jedan od optu\u017eenih, predsjednik Demokratske narodne partije Milan Kne\u017eevi\u0107 zatra\u017eio je danas, nakon Velimirovi\u0107evog priznanja, da se obustavi postupak protiv optu\u017eenih, a [&hellip;]<\/p>\n","protected":false},"author":1,"featured_media":293877,"comment_status":"open","ping_status":"closed","sticky":false,"template":"","format":"standard","meta":{"_seopress_robots_primary_cat":"none","_seopress_titles_title":"","_seopress_titles_desc":"","_seopress_robots_index":"","_et_pb_use_builder":"","_et_pb_old_content":"","_et_gb_content_width":"","inline_featured_image":false,"footnotes":""},"categories":[14],"tags":[],"class_list":["post-395349","post","type-post","status-publish","format-standard","has-post-thumbnail","hentry","category-vijesti"],"_links":{"self":[{"href":"https:\/\/www.pcnen.com\/portal\/wp-json\/wp\/v2\/posts\/395349","targetHints":{"allow":["GET"]}}],"collection":[{"href":"https:\/\/www.pcnen.com\/portal\/wp-json\/wp\/v2\/posts"}],"about":[{"href":"https:\/\/www.pcnen.com\/portal\/wp-json\/wp\/v2\/types\/post"}],"author":[{"embeddable":true,"href":"https:\/\/www.pcnen.com\/portal\/wp-json\/wp\/v2\/users\/1"}],"replies":[{"embeddable":true,"href":"https:\/\/www.pcnen.com\/portal\/wp-json\/wp\/v2\/comments?post=395349"}],"version-history":[{"count":1,"href":"https:\/\/www.pcnen.com\/portal\/wp-json\/wp\/v2\/posts\/395349\/revisions"}],"predecessor-version":[{"id":395352,"href":"https:\/\/www.pcnen.com\/portal\/wp-json\/wp\/v2\/posts\/395349\/revisions\/395352"}],"wp:featuredmedia":[{"embeddable":true,"href":"https:\/\/www.pcnen.com\/portal\/wp-json\/wp\/v2\/media\/293877"}],"wp:attachment":[{"href":"https:\/\/www.pcnen.com\/portal\/wp-json\/wp\/v2\/media?parent=395349"}],"wp:term":[{"taxonomy":"category","embeddable":true,"href":"https:\/\/www.pcnen.com\/portal\/wp-json\/wp\/v2\/categories?post=395349"},{"taxonomy":"post_tag","embeddable":true,"href":"https:\/\/www.pcnen.com\/portal\/wp-json\/wp\/v2\/tags?post=395349"}],"curies":[{"name":"wp","href":"https:\/\/api.w.org\/{rel}","templated":true}]}}