{"id":39521,"date":"2010-11-05T22:04:23","date_gmt":"2010-11-05T22:04:23","guid":{"rendered":"http:\/\/www.pcnen.com\/portal\/?p=39521"},"modified":"2010-11-05T22:04:23","modified_gmt":"2010-11-05T22:04:23","slug":"odbrana-predlozila-saslusanje-dukanovica-i-marovica","status":"publish","type":"post","link":"https:\/\/www.pcnen.com\/portal\/2010\/11\/05\/odbrana-predlozila-saslusanje-dukanovica-i-marovica\/","title":{"rendered":"Odbrana predlo\u017eila saslu\u0161anje \u0110ukanovi\u0107a i Marovi\u0107a"},"content":{"rendered":"<p>Odbrana optu\u017eenih za deportacije bosansko-hercegova\u010dkih izbjeglica iz Crne Gore 1992. godine zatra\u017eila je od Vije\u0107a sudije podgori\u010dkog Vi&scaron;eg suda Milenke \u017di\u017ei\u0107, da kao svjedok bude saslu&scaron;an i premijer Milo \u0110ukanovi\u0107, javlja TV Vijesti.<\/p>\n<p>Odbrana je iznijela i niz drugih predloga o kojima \u0107e se sud, tako\u0111e, naknadno izjasniti. Jedan od njih je i predlog da se saslu&scaron;a i potpredsjednik Vlade Svetozar Marovi\u0107, koji je u vrijeme deportacija bio generalni sekretar Demokratske partije socijalista.<\/p>\n<p>Tra\u017ei se i suo\u010davanje pred sudom i nekada&scaron;njeg ministra unutra&scaron;njih poslova Nikole Pejakovi\u0107a i tada&scaron;njeg Vrhovnog dr\u017eavnog tu\u017eioca Vladimira &Scaron;u&scaron;ovi\u0107a.<\/p>\n<p>Su\u010deljavanjem bi, kako smatra odbrana, trebalo da se utvrdi da li su deportacije obavljane nakon konsultacija sa tu\u017eila&scaron;tvom.<\/p>\n<p>Su\u0111enje \u0107e biti nastavljeno u utorak.<\/p>\n","protected":false},"excerpt":{"rendered":"<p>Odbrana optu\u017eenih za deportacije bosansko-hercegova\u010dkih izbjeglica iz Crne Gore 1992. godine zatra\u017eila je od Vije\u0107a sudije podgori\u010dkog Vi&scaron;eg suda Milenke \u017di\u017ei\u0107, da kao svjedok bude saslu&scaron;an i premijer Milo \u0110ukanovi\u0107, javlja TV Vijesti. Odbrana je iznijela i niz drugih predloga o kojima \u0107e se sud, tako\u0111e, naknadno izjasniti. Jedan od njih je i predlog da [&hellip;]<\/p>\n","protected":false},"author":1,"featured_media":0,"comment_status":"open","ping_status":"closed","sticky":false,"template":"","format":"standard","meta":{"_seopress_robots_primary_cat":"","_seopress_titles_title":"","_seopress_titles_desc":"","_seopress_robots_index":"","_et_pb_use_builder":"","_et_pb_old_content":"","_et_gb_content_width":"","inline_featured_image":false,"footnotes":""},"categories":[14],"tags":[],"class_list":["post-39521","post","type-post","status-publish","format-standard","hentry","category-vijesti"],"_links":{"self":[{"href":"https:\/\/www.pcnen.com\/portal\/wp-json\/wp\/v2\/posts\/39521","targetHints":{"allow":["GET"]}}],"collection":[{"href":"https:\/\/www.pcnen.com\/portal\/wp-json\/wp\/v2\/posts"}],"about":[{"href":"https:\/\/www.pcnen.com\/portal\/wp-json\/wp\/v2\/types\/post"}],"author":[{"embeddable":true,"href":"https:\/\/www.pcnen.com\/portal\/wp-json\/wp\/v2\/users\/1"}],"replies":[{"embeddable":true,"href":"https:\/\/www.pcnen.com\/portal\/wp-json\/wp\/v2\/comments?post=39521"}],"version-history":[{"count":0,"href":"https:\/\/www.pcnen.com\/portal\/wp-json\/wp\/v2\/posts\/39521\/revisions"}],"wp:attachment":[{"href":"https:\/\/www.pcnen.com\/portal\/wp-json\/wp\/v2\/media?parent=39521"}],"wp:term":[{"taxonomy":"category","embeddable":true,"href":"https:\/\/www.pcnen.com\/portal\/wp-json\/wp\/v2\/categories?post=39521"},{"taxonomy":"post_tag","embeddable":true,"href":"https:\/\/www.pcnen.com\/portal\/wp-json\/wp\/v2\/tags?post=39521"}],"curies":[{"name":"wp","href":"https:\/\/api.w.org\/{rel}","templated":true}]}}