{"id":394845,"date":"2024-02-29T13:05:53","date_gmt":"2024-02-29T12:05:53","guid":{"rendered":"https:\/\/www.pcnen.com\/portal\/?p=394845"},"modified":"2024-02-29T13:05:53","modified_gmt":"2024-02-29T12:05:53","slug":"devet-mjeseci-bez-odrzanog-rocista-za-ratni-zlocin","status":"publish","type":"post","link":"https:\/\/www.pcnen.com\/portal\/2024\/02\/29\/devet-mjeseci-bez-odrzanog-rocista-za-ratni-zlocin\/","title":{"rendered":"Devet mjeseci bez odr\u017eanog ro\u010di\u0161ta za ratni zlo\u010din"},"content":{"rendered":"<p>Danas je peti put za redom odgo\u0111eno su\u0111enje Slobodanu Pekovi\u0107u, optu\u017eenom za ratni zlo\u010din protiv civilnog stanovni\u0161tva, javila je Akcija za ljudska prava (HRA).<\/p>\n<p>Pekovi\u0107 se tereti da je kao vojnik Vojske Republike Srpske ubio dvije osobe i silovao \u017eenu bo\u0161nja\u010dke nacionalnosti u Fo\u010di 1992. godine. Ovo je prvo su\u0111enje u Crnoj Gori za seksualno nasilje izvr\u0161eno tokom rata. \u017drtva tog nasilja ima status za\u0161ti\u0107enog svjedoka (A1).<\/p>\n<p>Su\u0111enje je odgo\u0111eno zbog opravdanog odsustva branioca okrivljenog Pekovi\u0107a, Ratka Pantovi\u0107a, ali i nemogu\u0107nosti Suda Bosne i Hercegovine (BiH) da danas obezbijedi saslu\u0161anje pet svjedoka o izvr\u0161enim ubistvima. Kako se svjedoci nalaze u BiH, zbog ekonomi\u010dnosti postupka, njihovo saslu\u0161anje sprovodi se putem video linka, posredstvom me\u0111unarodne pravne pomo\u0107i, navodi HRA.<\/p>\n<p>Poslednje ro\u010di\u0161te u ovom predmetu odr\u017eano je 31. maja 2023. godine, a od tada su ro\u010di\u0161ta \u010detiri puta odga\u0111ana zbog zdravstvenih razloga branioca. Sud je od Pekovi\u0107a tra\u017eio da se izjasni da li \u017eeli drugog branioca, \u0161to je on odbio.<\/p>\n<p>Specijalna tu\u017eiteljka Tanja \u010colan Dereti\u0107 je zahtjevala vje\u0161ta\u010denje medicinske dokumentacije advokata, kako bi se ocijenilo da li \u0107e biti u stanju da u skorijem periodu prati tok su\u0111enja. Ako nalaz poka\u017ee da ne\u0107e, tu\u017eiteljka je zahtjevala da se okrivljenom postavi advokat po slu\u017ebenoj du\u017enosti.<\/p>\n<p>Punomo\u0107nik o\u0161te\u0107ene A1, advokat Dalibor Tomovi\u0107, je dodatno ukazao na potrebu za hitnim rje\u0161avanjem ovog problema, jer Pekovi\u0107 iz pritvora izlazi u oktobru ove godine. Pritvor mu je prevashodno odre\u0111en zbog opasnosti od bjekstva.<\/p>\n<p>U cilju efikasnijeg zavr\u0161etka postupka, naredna ro\u010di\u0161ta zakazana su za 22. april, 17. i 28. maj i 11. jun 2024. godine. Nakon saslu\u0161anja preostalih pet svjedoka, o\u010dekuju se zavr\u0161ne rije\u010di.<\/p>\n<blockquote class=\"wp-embedded-content\" data-secret=\"hL7ePzqMur\"><p><a href=\"https:\/\/www.pcnen.com\/portal\/2022\/06\/21\/odgoden-pocetak-sudenja-slobodanu-pekovicu-za-ratni-zlocin-protiv-civilnog-stanovnistva\/\">Odgo\u0111en po\u010detak su\u0111enja Slobodanu Pekovi\u0107u za ratni zlo\u010din protiv civilnog stanovni\u0161tva<\/a><\/p><\/blockquote>\n<p><iframe loading=\"lazy\" class=\"wp-embedded-content\" sandbox=\"allow-scripts\" security=\"restricted\" style=\"position: absolute; clip: rect(1px, 1px, 1px, 1px);\" title=\"&#8220;Odgo\u0111en po\u010detak su\u0111enja Slobodanu Pekovi\u0107u za ratni zlo\u010din protiv civilnog stanovni\u0161tva&#8221; &#8212; PCNEN\" src=\"https:\/\/www.pcnen.com\/portal\/2022\/06\/21\/odgoden-pocetak-sudenja-slobodanu-pekovicu-za-ratni-zlocin-protiv-civilnog-stanovnistva\/embed\/#?secret=9Qg0pcOhSw#?secret=hL7ePzqMur\" data-secret=\"hL7ePzqMur\" width=\"600\" height=\"338\" frameborder=\"0\" marginwidth=\"0\" marginheight=\"0\" scrolling=\"no\"><\/iframe><\/p>\n","protected":false},"excerpt":{"rendered":"<p>Danas je peti put za redom odgo\u0111eno su\u0111enje Slobodanu Pekovi\u0107u, optu\u017eenom za ratni zlo\u010din protiv civilnog stanovni\u0161tva, javila je Akcija za ljudska prava (HRA)<\/p>\n","protected":false},"author":1,"featured_media":314966,"comment_status":"open","ping_status":"closed","sticky":false,"template":"","format":"standard","meta":{"_seopress_robots_primary_cat":"none","_seopress_titles_title":"","_seopress_titles_desc":"","_seopress_robots_index":"","_et_pb_use_builder":"","_et_pb_old_content":"","_et_gb_content_width":"","inline_featured_image":false,"footnotes":""},"categories":[14],"tags":[],"class_list":["post-394845","post","type-post","status-publish","format-standard","has-post-thumbnail","hentry","category-vijesti"],"_links":{"self":[{"href":"https:\/\/www.pcnen.com\/portal\/wp-json\/wp\/v2\/posts\/394845","targetHints":{"allow":["GET"]}}],"collection":[{"href":"https:\/\/www.pcnen.com\/portal\/wp-json\/wp\/v2\/posts"}],"about":[{"href":"https:\/\/www.pcnen.com\/portal\/wp-json\/wp\/v2\/types\/post"}],"author":[{"embeddable":true,"href":"https:\/\/www.pcnen.com\/portal\/wp-json\/wp\/v2\/users\/1"}],"replies":[{"embeddable":true,"href":"https:\/\/www.pcnen.com\/portal\/wp-json\/wp\/v2\/comments?post=394845"}],"version-history":[{"count":1,"href":"https:\/\/www.pcnen.com\/portal\/wp-json\/wp\/v2\/posts\/394845\/revisions"}],"predecessor-version":[{"id":394848,"href":"https:\/\/www.pcnen.com\/portal\/wp-json\/wp\/v2\/posts\/394845\/revisions\/394848"}],"wp:featuredmedia":[{"embeddable":true,"href":"https:\/\/www.pcnen.com\/portal\/wp-json\/wp\/v2\/media\/314966"}],"wp:attachment":[{"href":"https:\/\/www.pcnen.com\/portal\/wp-json\/wp\/v2\/media?parent=394845"}],"wp:term":[{"taxonomy":"category","embeddable":true,"href":"https:\/\/www.pcnen.com\/portal\/wp-json\/wp\/v2\/categories?post=394845"},{"taxonomy":"post_tag","embeddable":true,"href":"https:\/\/www.pcnen.com\/portal\/wp-json\/wp\/v2\/tags?post=394845"}],"curies":[{"name":"wp","href":"https:\/\/api.w.org\/{rel}","templated":true}]}}