{"id":394602,"date":"2024-02-26T14:48:44","date_gmt":"2024-02-26T13:48:44","guid":{"rendered":"https:\/\/www.pcnen.com\/portal\/?p=394602"},"modified":"2024-02-26T14:55:01","modified_gmt":"2024-02-26T13:55:01","slug":"americki-jan-palah","status":"publish","type":"post","link":"https:\/\/www.pcnen.com\/portal\/2024\/02\/26\/americki-jan-palah\/","title":{"rendered":"Ameri\u010dki Jan Palah"},"content":{"rendered":"<blockquote><p><strong>Pi\u0161e: Omer \u0160ARKI\u0106<\/strong><\/p><\/blockquote>\n<p>Jan Palah je bio \u010de\u0161ki student koji se u znak protesta zapalio zbog intervencije Sovjeta u \u010ce\u0161koj. Njegovo herojsko i prkosno djelo je decenijama simbol borbe za slobodu i pravdu, a u Hladnom ratu njegov \u010din je obilato koristila zapadna propaganda kako bi prikazala zemlje Vra\u0161avskog pakta kao neslobodne i autoritativne \u2013 \u0161to one i jesu bile. O \u010dinu Jana Palaha su napisane hiljade i hiljade tekstova, radiju Slobodna Evropa je pedestogidi\u0161njica njegove smrti bila povod da donese op\u0161irnu reporta\u017eu o njegovom \u010dinu borbe protiv vojnog uplitanja SSSR-a u \u010cehoslova\u010dkoj.<img loading=\"lazy\" decoding=\"async\" class=\"alignleft size-large wp-image-394609\" src=\"https:\/\/www.pcnen.com\/portal\/wp-content\/uploads\/2024\/02\/jan-palah-580x932.jpg\" alt=\"Odavanje po\u0161te Janu Palahu\" width=\"580\" height=\"932\" srcset=\"https:\/\/www.pcnen.com\/portal\/wp-content\/uploads\/2024\/02\/jan-palah-580x932.jpg 580w, https:\/\/www.pcnen.com\/portal\/wp-content\/uploads\/2024\/02\/jan-palah-480x771.jpg 480w\" sizes=\"(min-width: 0px) and (max-width: 480px) 480px, (min-width: 481px) 580px, 100vw\" \/><\/p>\n<p>Pedeset pet godina kasnije, ameri\u010dki aktivni vojnik Aaron Bushnell se zapalio ispred izraelske ambasade u Va\u0161ingtonu, kao znak protesta zbog genocida u Gazi nad Palestincima, kako je u video poruci obrazlo\u017eio svoj \u010din hrabrosti, prkosa i borbe za pravdu. Rekao je, citiram: \u201eNe\u0107u biti vi\u0161e sau\u010desnik u genocidu\u201c. \u00a0Dok je gorio, uz jauke od bola proizrokovanog vatrom, uzvikivao je \u201eSlobodna Palestina\u201c.<\/p>\n<p>Mora se uo\u010diti da je \u010din Aarona Bushnella \u010dak mnogo ve\u0107i od samospaljivanja Jana Plaha, jer Palah se samospalio zbog vojne intervencije druge\/ih zemalja u njegovoj, dok je Aaron to uradio zbog podr\u0161ke (politi\u010dke, propagandne i vojne) svoje zemlje, \u010diji je aktivni vojnik, genocidu koju Izrael vr\u0161i nad Plaestincima.<\/p>\n<p>Glavno oru\u0111e diktatura i dezinformisanja javnosti je, osim golog plasiranja la\u017ei i poluistina, pre\u0107utkivanje ili potiskivanje zna\u010dajnih informacija, sklanjanje iz \u201evidokruga\u201c konzumenata. Mejnstrim mediji pod zapadanom, \u201edemoratskom\u201c kontrolom, su taj posao, kao i uvijek, besprekorno uradili: informacija je sakrivena, kao manje bitna ili nebitna.<\/p>\n<p>Mejnstrim mediji pod ameri\u010dkom kontrolom, kao \u0161to su Vijesti kod nas, informaciju su objavili u blogu o ratu u Gazi, a ne kao zasebnu ili udarnu informaciju na \u201ehome page\u201c portala. Nijesu je prenijeli ni na svojoj fejsbuk stranici (bar dok pi\u0161em ovaj tekst (ponedjeljak,\u00a0 26.02.2024, 13 sati), da bi bila \u0161to manje vidljiva i da komentatori ne bi pozdravili taj herojski i prkosni \u010din ameri\u010dkog vojnika i gra\u0111anina. I drugi mediji pod zapadnom kontrolom u Crnoj Gori su tu informaciju stavili u zape\u0107ak, osim donekle CDM. Portal Analitika je u \u0161turoj, sporednoj informaciji, izvijestio svoje \u010ditaoce da se gra\u0111anin SAD samozapalio ispred amabasade, ne navode\u0107i zbog \u010dega i za\u0161to. Antena M uop\u0161te nije izvjestila o tome. Jedini je tu informaciju na svom prtalu, kao jednu od udarnih, prenio portal na kome ovo pi\u0161em. Tako su \u201eljuti medijski neprijatelji\u201c, portal Analitka i radio Antena M, sa jedne, odnosno Vijesti, sa druge strane, bar po ovom pitanju potpuno saglasni: ne prenositi ili skrivati informacije koje gazdama nijesu po volji.<\/p>\n<p>Radio Sloboda Evropa, koju nijesam slu\u010dajno pomenuo na po\u010detku teksta, pokazuju\u0107i na\u010din kako je obilje\u017eio pedesetogodi\u0161njicu samospaljivanja Jana Palaha, pre\u0161utio je ovo samospaljivanja ameri\u010dkog gra\u0111anina iz protesta \u2013 uop\u0161te nije obavjestio svoje \u010ditaoce o doga\u0111aju.\u00a0 Ruskom RT je to bila jedna od udarnih informacija. Kada na dru\u0161tvenoj mre\u017ei fejsbuk nai\u0111em na informacije RT-a, fejsbuk me \u201edemokratski\u201c upozori da je to medij pod kontrolom Rusije, a kada nai\u0111em na radio Slobodna Evropa, ne obavje\u0161tava me da je to medij pod kontrolom SAD.<\/p>\n<p>Sad samo zamislite slede\u0107i doga\u0111aj:<\/p>\n<p>Ruski aktivni vojnik se samospalio pred ukrajinskom ambasadom, navode\u0107i da to radi iz protetsa zbog ruske agresije i zlo\u010dina nad Ukrajincima, te da on u tome ne \u017eeli u\u010destovati.<\/p>\n<p>Kad bi se tako ne\u0161to desilo, to bi bila glavna i vanredna vijest na svim pobrojanim medijima. Iz minuta u minut bi dobijali nove informacije o tome, a taj ruski vojnik bi brzo pomutio slavu Jana Palaha. Svi kolumnisti bi nao\u0161trili svoja pera da ga ve\u0107 od sjutra po\u010dnu slaviti, uzdizati kao heroja nad herojima, dodaju\u0107i da je njegovo samospaljivanje najbolji pokazatelj kakvo\u0107e Putinove diktaure.<\/p>\n<p>Svi poznati i javno prepoznati \u201eborci\u201c za ljudska prava bi preplavili mre\u017ee svojim objavama o tome.<\/p>\n<p>Kad to uradi Amerikanac koji se protivi genocidu i politici svoje zemlje koja podr\u017eava taj genocid, onda to uop\u0161te nije vijest, a mnogi za ovaj slu\u010daj\u00a0 nikada ne\u0107e ni \u010duti.<\/p>\n<p>Toliko o slobodi, informisanju, dezinformisanju &#8211; i diktaturama.<\/p>\n<blockquote class=\"twitter-tweet\" data-width=\"550\" data-dnt=\"true\">\n<p lang=\"en\" dir=\"ltr\">VIDEO OF LATE AARON BUSHNELL WHO PASSED AWAY<\/p>\n<p>Aaron Bushnell, 25, has passed away.<\/p>\n<p>Graphic footage shows the U.S Army soldier set himself on fire as a show of Solidarity with the Palestinian cause in front of the Israeli Embassy.<\/p>\n<p>He shouted: &quot;I will no longer be complicit in\u2026 <a href=\"https:\/\/t.co\/KP8UJBOb8w\">pic.twitter.com\/KP8UJBOb8w<\/a><\/p>\n<p>&mdash; Sulaiman Ahmed (@ShaykhSulaiman) <a href=\"https:\/\/twitter.com\/ShaykhSulaiman\/status\/1761982763735892316?ref_src=twsrc%5Etfw\">February 26, 2024<\/a><\/p><\/blockquote>\n<p><script async src=\"https:\/\/platform.twitter.com\/widgets.js\" charset=\"utf-8\"><\/script><\/p>\n","protected":false},"excerpt":{"rendered":"<p>\u010cin Aarona Bushnella je mnogo ve\u0107i od samospaljivanja Jana Plaha, jer Palah se samospalio zbog vojne intervencije druge\/ih zemalja u njegovoj, dok je Aaron to uradio zbog podr\u0161ke (politi\u010dke, propagandne i vojne) svoje zemlje, \u010diji je aktivni vojnik, genocidu koju Izrael vr\u0161i nad Plaestincima<\/p>\n","protected":false},"author":12,"featured_media":394608,"comment_status":"open","ping_status":"closed","sticky":false,"template":"","format":"standard","meta":{"_seopress_robots_primary_cat":"none","_seopress_titles_title":"","_seopress_titles_desc":"","_seopress_robots_index":"","_et_pb_use_builder":"","_et_pb_old_content":"","_et_gb_content_width":"","inline_featured_image":false,"footnotes":""},"categories":[17],"tags":[],"class_list":["post-394602","post","type-post","status-publish","format-standard","has-post-thumbnail","hentry","category-blogovi"],"_links":{"self":[{"href":"https:\/\/www.pcnen.com\/portal\/wp-json\/wp\/v2\/posts\/394602","targetHints":{"allow":["GET"]}}],"collection":[{"href":"https:\/\/www.pcnen.com\/portal\/wp-json\/wp\/v2\/posts"}],"about":[{"href":"https:\/\/www.pcnen.com\/portal\/wp-json\/wp\/v2\/types\/post"}],"author":[{"embeddable":true,"href":"https:\/\/www.pcnen.com\/portal\/wp-json\/wp\/v2\/users\/12"}],"replies":[{"embeddable":true,"href":"https:\/\/www.pcnen.com\/portal\/wp-json\/wp\/v2\/comments?post=394602"}],"version-history":[{"count":4,"href":"https:\/\/www.pcnen.com\/portal\/wp-json\/wp\/v2\/posts\/394602\/revisions"}],"predecessor-version":[{"id":394612,"href":"https:\/\/www.pcnen.com\/portal\/wp-json\/wp\/v2\/posts\/394602\/revisions\/394612"}],"wp:featuredmedia":[{"embeddable":true,"href":"https:\/\/www.pcnen.com\/portal\/wp-json\/wp\/v2\/media\/394608"}],"wp:attachment":[{"href":"https:\/\/www.pcnen.com\/portal\/wp-json\/wp\/v2\/media?parent=394602"}],"wp:term":[{"taxonomy":"category","embeddable":true,"href":"https:\/\/www.pcnen.com\/portal\/wp-json\/wp\/v2\/categories?post=394602"},{"taxonomy":"post_tag","embeddable":true,"href":"https:\/\/www.pcnen.com\/portal\/wp-json\/wp\/v2\/tags?post=394602"}],"curies":[{"name":"wp","href":"https:\/\/api.w.org\/{rel}","templated":true}]}}