{"id":391350,"date":"2024-01-18T09:31:45","date_gmt":"2024-01-18T08:31:45","guid":{"rendered":"https:\/\/www.pcnen.com\/portal\/?p=391350"},"modified":"2024-01-18T09:31:45","modified_gmt":"2024-01-18T08:31:45","slug":"pakistan-uzvratio-raketiranjem-ciljeva-u-iranu","status":"publish","type":"post","link":"https:\/\/www.pcnen.com\/portal\/2024\/01\/18\/pakistan-uzvratio-raketiranjem-ciljeva-u-iranu\/","title":{"rendered":"Pakistan uzvratio raketiranjem ciljeva u Iranu"},"content":{"rendered":"<p>Nakon \u0161to je Iran raketirao ciljeve na teritoriji susjednog Pakistana, sino\u0107 je Pakistan uzvratio raketnom paljbom po ciljevima unutar iranske teritorije.<\/p>\n<p>Pakistansko Ministarstvo vanjskih poslova je potvrdilo je udare\u00a0 i navelo da su ciljali niz separatisti\u010dkih skrovi\u0161ta unutar Irana.<\/p>\n<p>Islamabad navodi da su njihove snage pokrenule &#8220;niz visoko koordinisanih i specifi\u010dno ciljanih preciznih vojnih napada&#8221; u iranskoj regiji Sistan i Belud\u017eistan u sklopu operacije pod nazivom &#8220;Marg Bar Sarmachar&#8221; &#8211; fraza koja u slobodnom prevodu zna\u010di &#8220;smrt gerilskim borcima&#8221;. Tako\u0111e se navodi kako je ve\u0107i broj militanata ubijen u napadu, prenosi advance.hr.<\/p>\n<p>Ovaj portal navodi da je iranska verzija vrlo druga\u010dija &#8211; ba\u0161 kao i ju\u010dera\u0161nja pakistanska!<\/p>\n<p>&#8220;Iran je zapo\u010deo ovu eskalaciju napadima na Pakistan isti\u010du\u0107i kako su ciljali separatiste iz grupe Jaish al-Adl, ali Pakistan je zatim poru\u010dio kako su u iranskim napadima zapravo pogo\u0111eni civili te da je ubijeno dvoje djece. Jutros, pak, imamo istu pri\u010du, ali iz obrnute perspektive &#8211; oglasio se guverner iranske regije Sistan i Belud\u017eistan, Alireza Marhamati, isti\u010du\u0107i kako je u pakistanskom napadu ubijeno sedmoro ljudi, sve civili, tri \u017eena i \u010detvero djece. Tako\u0111e navodi kako su se napadi dogodili oko 04:30 prema lokalnom vremenu&#8221;, pi\u0161e advance.hr.<\/p>\n<p>Advance.hr podsje\u0107a na to da se ve\u0107 niz godina Iran i Pakistan bore protiv militanata u nemirnoj regiji uzdu\u017e njihove 900 kilometara duga\u010dke zajedni\u010dke granice, i zaklju\u010duje da &#8220;ova situacija je jo\u0161 nevi\u0111ena eskalacija izme\u0111u Teherana i Islamabada, a dolazi u vrijeme generalne eskalacije sukoba diljem Bliskog istoka&#8221;.<\/p>\n<blockquote class=\"wp-embedded-content\" data-secret=\"2HJcAN4dxF\"><p><a href=\"https:\/\/www.pcnen.com\/portal\/2024\/01\/16\/iran-napao-ciljeve-u-pakistanu\/\">Iran napao ciljeve u Pakistanu<\/a><\/p><\/blockquote>\n<p><iframe loading=\"lazy\" class=\"wp-embedded-content\" sandbox=\"allow-scripts\" security=\"restricted\" style=\"position: absolute; clip: rect(1px, 1px, 1px, 1px);\" title=\"&#8220;Iran napao ciljeve u Pakistanu&#8221; &#8212; PCNEN\" src=\"https:\/\/www.pcnen.com\/portal\/2024\/01\/16\/iran-napao-ciljeve-u-pakistanu\/embed\/#?secret=04XcTnFW6H#?secret=2HJcAN4dxF\" data-secret=\"2HJcAN4dxF\" width=\"600\" height=\"338\" frameborder=\"0\" marginwidth=\"0\" marginheight=\"0\" scrolling=\"no\"><\/iframe><\/p>\n","protected":false},"excerpt":{"rendered":"<p>Ova situacija je jo\u0161 nevi\u0111ena eskalacija izme\u0111u Teherana i Islamabada, a dolazi u vrijeme generalne eskalacije sukoba diljem Bliskog istoka, konstatuje portal advance.hr<\/p>\n","protected":false},"author":1,"featured_media":384682,"comment_status":"open","ping_status":"closed","sticky":false,"template":"","format":"standard","meta":{"_seopress_robots_primary_cat":"none","_seopress_titles_title":"","_seopress_titles_desc":"","_seopress_robots_index":"","_et_pb_use_builder":"","_et_pb_old_content":"","_et_gb_content_width":"","inline_featured_image":false,"footnotes":""},"categories":[14],"tags":[],"class_list":["post-391350","post","type-post","status-publish","format-standard","has-post-thumbnail","hentry","category-vijesti"],"_links":{"self":[{"href":"https:\/\/www.pcnen.com\/portal\/wp-json\/wp\/v2\/posts\/391350","targetHints":{"allow":["GET"]}}],"collection":[{"href":"https:\/\/www.pcnen.com\/portal\/wp-json\/wp\/v2\/posts"}],"about":[{"href":"https:\/\/www.pcnen.com\/portal\/wp-json\/wp\/v2\/types\/post"}],"author":[{"embeddable":true,"href":"https:\/\/www.pcnen.com\/portal\/wp-json\/wp\/v2\/users\/1"}],"replies":[{"embeddable":true,"href":"https:\/\/www.pcnen.com\/portal\/wp-json\/wp\/v2\/comments?post=391350"}],"version-history":[{"count":1,"href":"https:\/\/www.pcnen.com\/portal\/wp-json\/wp\/v2\/posts\/391350\/revisions"}],"predecessor-version":[{"id":391353,"href":"https:\/\/www.pcnen.com\/portal\/wp-json\/wp\/v2\/posts\/391350\/revisions\/391353"}],"wp:featuredmedia":[{"embeddable":true,"href":"https:\/\/www.pcnen.com\/portal\/wp-json\/wp\/v2\/media\/384682"}],"wp:attachment":[{"href":"https:\/\/www.pcnen.com\/portal\/wp-json\/wp\/v2\/media?parent=391350"}],"wp:term":[{"taxonomy":"category","embeddable":true,"href":"https:\/\/www.pcnen.com\/portal\/wp-json\/wp\/v2\/categories?post=391350"},{"taxonomy":"post_tag","embeddable":true,"href":"https:\/\/www.pcnen.com\/portal\/wp-json\/wp\/v2\/tags?post=391350"}],"curies":[{"name":"wp","href":"https:\/\/api.w.org\/{rel}","templated":true}]}}