{"id":391291,"date":"2024-01-17T16:03:46","date_gmt":"2024-01-17T15:03:46","guid":{"rendered":"https:\/\/www.pcnen.com\/portal\/?p=391291"},"modified":"2024-01-17T16:03:46","modified_gmt":"2024-01-17T15:03:46","slug":"suzana-mugosa-uplela-necijeg-ambasadora-u-navodnu-kupovinu-presude-apelacionog-suda","status":"publish","type":"post","link":"https:\/\/www.pcnen.com\/portal\/2024\/01\/17\/suzana-mugosa-uplela-necijeg-ambasadora-u-navodnu-kupovinu-presude-apelacionog-suda\/","title":{"rendered":"Suzana Mugo\u0161a &#8216;uplela&#8217; ne\u010dijeg ambasadora u navodnu kupovinu presude Apelacionog suda"},"content":{"rendered":"<p>Poslanik Milan Kne\u017eevi\u0107 je zata\u017eio od Specijalnog dr\u017eavnog tu\u017eila\u0161tva hitno saslu\u0161anje Suzane Mugo\u0161e, kandidatkinje za du\u017enost Vrhovnog dr\u017eavnog tu\u017eioca, povodom njenog iskaza na dana\u0161njem konsultativnom saslu\u0161anju u Odboru za politi\u010dki sistem, pravosu\u0111e i upravu da je ambasador neke strane dr\u017eave u\u010destovao u navodnoj kupovini presude Apelacionog suda u slu\u010daju poznatom kao dr\u017eavni udar, u kome su, nepravosna\u017eno, osu\u0111eni na vi\u0161egodi\u0161nje robijanje upravo Milan Kne\u017eevi\u0107 i Andrije Mandi\u0107, aktuelni predsjednik crnogorskog parlamenta.<\/p>\n<blockquote class=\"wp-embedded-content\" data-secret=\"mdqO9uSPiG\"><p><a href=\"https:\/\/www.pcnen.com\/portal\/2023\/11\/20\/suzana-mugosa-reagovala-na-prozivku-mandica-ujerenja-sam-da-je-presuda-apelacionog-suda-kupljena\/\">Suzana Mugo\u0161a reagovala na prozivku Mandi\u0107a: Ujerenja sam da je presuda Apelacionog suda kupljena<\/a><\/p><\/blockquote>\n<p><iframe loading=\"lazy\" class=\"wp-embedded-content\" sandbox=\"allow-scripts\" security=\"restricted\" style=\"position: absolute; clip: rect(1px, 1px, 1px, 1px);\" title=\"&#8220;Suzana Mugo\u0161a reagovala na prozivku Mandi\u0107a: Ujerenja sam da je presuda Apelacionog suda kupljena&#8221; &#8212; PCNEN\" src=\"https:\/\/www.pcnen.com\/portal\/2023\/11\/20\/suzana-mugosa-reagovala-na-prozivku-mandica-ujerenja-sam-da-je-presuda-apelacionog-suda-kupljena\/embed\/#?secret=1HO6rfO2bQ#?secret=mdqO9uSPiG\" data-secret=\"mdqO9uSPiG\" width=\"600\" height=\"338\" frameborder=\"0\" marginwidth=\"0\" marginheight=\"0\" scrolling=\"no\"><\/iframe><\/p>\n<p>Suzana Mugo\u0161a, koja je predsjedavala sudskim vije\u0107em Vi\u0161eg suda u Podgorici koje je donijelo osu\u0111uju\u0107u presudu protiv Kne\u017eevi\u0107a, Mandi\u0107a i drugih, danas je odgovarala na pitanja \u010dlanova\/ca Odbora za politi\u010dki sistem, pravosu\u0111e i upravu u svojstvu kandidatkinje za vrhovnu dr\u017eavnu tu\u017eiteljku.<\/p>\n<p>Ona je i ranije javno iznijela tvrdnju da je neko kupio pesudu Apelacionog suda, kojom je poni\u0161tena presuda njenog sudskog vije\u0107a i predmet poznat kao poku\u0161aj dr\u017eavnog udara u Crnoj Gori vra\u0107en na ponovno su\u0111enje, koje jo\u0161 nije okon\u010dano..<\/p>\n<p>\u010citavi tok kontrolnog saslu\u0161anja, koje jo\u0161 uvijek traje, mo\u017eete pogledati u videu<\/p>\n<p><iframe loading=\"lazy\" title=\"YouTube video player\" src=\"https:\/\/www.youtube.com\/embed\/VRB6P8gRmJw?si=dfI8QyEyFL3Lfh1c\" width=\"560\" height=\"315\" frameborder=\"0\" allowfullscreen=\"allowfullscreen\"><\/iframe><\/p>\n<p>&nbsp;<\/p>\n","protected":false},"excerpt":{"rendered":"<p>Poslanik Milan Kne\u017eevi\u0107 je zata\u017eio od Specijalnog dr\u017eavnog tu\u017eila\u0161tva hitno saslu\u0161anje Suzane Mugo\u0161e, kandidatkinje za du\u017enost Vrhovnog dr\u017eavnog tu\u017eioca, povodom njenog iskaza na dana\u0161njem konsultativnom saslu\u0161anju u Odboru za politi\u010dki sistem, pravosu\u0111e i upravu da je ambasador neke strane dr\u017eave u\u010destovao u navodnoj kupovini presude Apelacionog suda u slu\u010daju poznatom kao dr\u017eavni udar, u kome [&hellip;]<\/p>\n","protected":false},"author":1,"featured_media":390320,"comment_status":"open","ping_status":"closed","sticky":false,"template":"","format":"standard","meta":{"_seopress_robots_primary_cat":"none","_seopress_titles_title":"","_seopress_titles_desc":"","_seopress_robots_index":"","_et_pb_use_builder":"","_et_pb_old_content":"","_et_gb_content_width":"","inline_featured_image":false,"footnotes":""},"categories":[14],"tags":[],"class_list":["post-391291","post","type-post","status-publish","format-standard","has-post-thumbnail","hentry","category-vijesti"],"_links":{"self":[{"href":"https:\/\/www.pcnen.com\/portal\/wp-json\/wp\/v2\/posts\/391291","targetHints":{"allow":["GET"]}}],"collection":[{"href":"https:\/\/www.pcnen.com\/portal\/wp-json\/wp\/v2\/posts"}],"about":[{"href":"https:\/\/www.pcnen.com\/portal\/wp-json\/wp\/v2\/types\/post"}],"author":[{"embeddable":true,"href":"https:\/\/www.pcnen.com\/portal\/wp-json\/wp\/v2\/users\/1"}],"replies":[{"embeddable":true,"href":"https:\/\/www.pcnen.com\/portal\/wp-json\/wp\/v2\/comments?post=391291"}],"version-history":[{"count":1,"href":"https:\/\/www.pcnen.com\/portal\/wp-json\/wp\/v2\/posts\/391291\/revisions"}],"predecessor-version":[{"id":391294,"href":"https:\/\/www.pcnen.com\/portal\/wp-json\/wp\/v2\/posts\/391291\/revisions\/391294"}],"wp:featuredmedia":[{"embeddable":true,"href":"https:\/\/www.pcnen.com\/portal\/wp-json\/wp\/v2\/media\/390320"}],"wp:attachment":[{"href":"https:\/\/www.pcnen.com\/portal\/wp-json\/wp\/v2\/media?parent=391291"}],"wp:term":[{"taxonomy":"category","embeddable":true,"href":"https:\/\/www.pcnen.com\/portal\/wp-json\/wp\/v2\/categories?post=391291"},{"taxonomy":"post_tag","embeddable":true,"href":"https:\/\/www.pcnen.com\/portal\/wp-json\/wp\/v2\/tags?post=391291"}],"curies":[{"name":"wp","href":"https:\/\/api.w.org\/{rel}","templated":true}]}}