{"id":391217,"date":"2024-01-16T20:26:49","date_gmt":"2024-01-16T19:26:49","guid":{"rendered":"https:\/\/www.pcnen.com\/portal\/?p=391217"},"modified":"2024-01-16T20:27:32","modified_gmt":"2024-01-16T19:27:32","slug":"iran-napao-ciljeve-u-pakistanu","status":"publish","type":"post","link":"https:\/\/www.pcnen.com\/portal\/2024\/01\/16\/iran-napao-ciljeve-u-pakistanu\/","title":{"rendered":"Iran napao ciljeve u Pakistanu"},"content":{"rendered":"<p>Korpus \u010duvara islamske republike Irana je napao raketama i dronovima sjedi\u0161ta grupe D\u017eai\u0161 el Adl (armija pravde) u Pakistanu, prenosi Sputnjik.<\/p>\n<p>Agencija Tasnim je saop\u0161tila da su dvije baze grupe u pakistanskom Belud\u017eistanu u potpunosti uni\u0161tene.<\/p>\n<p>D\u017eai\u0161 al Adl postoji od 2012. godine, pridr\u017eavaju se salafijskog pravca u sunitskom islamu i bore se protiv aktuelne vlade Irana, sa pakistanske teritorije.<\/p>\n<p>Iran je danas napao i ciljeve u Iraku.<\/p>\n","protected":false},"excerpt":{"rendered":"<p>Korpus \u010duvara islamske republike Irana je napao raketama i dronovima sjedi\u0161ta grupe D\u017eai\u0161 el Adl (armija pravde) u Pakistanu, prenosi Sputnjik<\/p>\n","protected":false},"author":1,"featured_media":391220,"comment_status":"open","ping_status":"closed","sticky":false,"template":"","format":"standard","meta":{"_seopress_robots_primary_cat":"none","_seopress_titles_title":"","_seopress_titles_desc":"","_seopress_robots_index":"","_et_pb_use_builder":"","_et_pb_old_content":"","_et_gb_content_width":"","inline_featured_image":false,"footnotes":""},"categories":[14],"tags":[],"class_list":["post-391217","post","type-post","status-publish","format-standard","has-post-thumbnail","hentry","category-vijesti"],"_links":{"self":[{"href":"https:\/\/www.pcnen.com\/portal\/wp-json\/wp\/v2\/posts\/391217","targetHints":{"allow":["GET"]}}],"collection":[{"href":"https:\/\/www.pcnen.com\/portal\/wp-json\/wp\/v2\/posts"}],"about":[{"href":"https:\/\/www.pcnen.com\/portal\/wp-json\/wp\/v2\/types\/post"}],"author":[{"embeddable":true,"href":"https:\/\/www.pcnen.com\/portal\/wp-json\/wp\/v2\/users\/1"}],"replies":[{"embeddable":true,"href":"https:\/\/www.pcnen.com\/portal\/wp-json\/wp\/v2\/comments?post=391217"}],"version-history":[{"count":2,"href":"https:\/\/www.pcnen.com\/portal\/wp-json\/wp\/v2\/posts\/391217\/revisions"}],"predecessor-version":[{"id":391222,"href":"https:\/\/www.pcnen.com\/portal\/wp-json\/wp\/v2\/posts\/391217\/revisions\/391222"}],"wp:featuredmedia":[{"embeddable":true,"href":"https:\/\/www.pcnen.com\/portal\/wp-json\/wp\/v2\/media\/391220"}],"wp:attachment":[{"href":"https:\/\/www.pcnen.com\/portal\/wp-json\/wp\/v2\/media?parent=391217"}],"wp:term":[{"taxonomy":"category","embeddable":true,"href":"https:\/\/www.pcnen.com\/portal\/wp-json\/wp\/v2\/categories?post=391217"},{"taxonomy":"post_tag","embeddable":true,"href":"https:\/\/www.pcnen.com\/portal\/wp-json\/wp\/v2\/tags?post=391217"}],"curies":[{"name":"wp","href":"https:\/\/api.w.org\/{rel}","templated":true}]}}