{"id":390886,"date":"2024-01-12T18:48:58","date_gmt":"2024-01-12T17:48:58","guid":{"rendered":"https:\/\/www.pcnen.com\/portal\/?p=390886"},"modified":"2024-01-12T18:48:58","modified_gmt":"2024-01-12T17:48:58","slug":"drzava-palestina-duboko-zahvalna-republici-juznoj-africi","status":"publish","type":"post","link":"https:\/\/www.pcnen.com\/portal\/2024\/01\/12\/drzava-palestina-duboko-zahvalna-republici-juznoj-africi\/","title":{"rendered":"Dr\u017eava Palestina duboko zahvalna Republici Ju\u017enoj Africi"},"content":{"rendered":"<p>Dr\u017eava Palestina je pozdravila i izrazila duboku zahvalnost Republici Ju\u017enoj Africi &#8220;za ubjedljvu pravnu prezentaciju predstavljenu od strane Republike Ju\u017ene Afrike pred Me\u0111unarodnim sudom pravde u vezi sa izraelskim masivnim kr\u0161enjem Konvencije o genocidu.<\/p>\n<p>U nastavku objavljujemo cijelu izjavu Dr\u017eave Palestine, izdatu ovim povodom. Portal PCNEN je izjavu dobio od alestinske ambasade u Podgorici.<\/p>\n<p>&#8220;Dr\u017eava Palestina pozdravlja i izra\u017eava svoju duboku zahvalnost za ubjedljvu pravnu prezentaciju predstavljenu od strane Republike Ju\u017ene Afrike pred Me\u0111unarodnim sudom pravde u vezi sa neoprostivim i masivnim kr\u0161enjem Konvencije o genocidu od strane Izraela. Ju\u017ena Afrika je predstavila nedvosmislene dokaze da Izrael namjerno i sistematski kr\u0161i svoje obaveze iz Konvencije o genocidu<\/p>\n<p>Izrael vr\u0161i genocid u Pojasu Gaze, ne uspijeva da zaustavi vr\u0161enje genocida i samim tim nastavlja da sprovodi genocidne politike, te dozvoljava govor mr\u017enje i podstrekavanje koje omogu\u0107ava i opravdava genocid nad palestinskim narodom.<\/p>\n<p>Ova gnusna zvjerstva i zlo\u010dini moraju biti zaustavljeni, palestinski narod mora biti za\u0161ti\u0107en, ljudski \u017eivoti moraju biti sa\u010duvani. Ovo je kriti\u010dan trenutak za Palestinu i kriti\u010dan trenutak za me\u0111unarodni sistem. Trenutak istine i istorijskog zna\u010daja na svim razli\u010ditim nivoima a ponajvi\u0161e za humanost i vladavinu zakona, koja je, tako\u0111e, na udaru u Gazi.<\/p>\n<p>Ju\u017ena Afrika je preduzela hrabar i principijelan korak prihvatanja sopstvenih odgovornosti i obaveza prema Konvenciji o genocidu jer razumije da su one obavezuju\u0107e, a ne opcione. Ovaj korak je bio od kriti\u010dnog zna\u010daja jer je me\u0111unarodni sistem u potpunosti propustio priliku da se prihvati svoje odgovornosti za odr\u017eavanje me\u0111unarodnog mira i bezbjednosti, kao i svoje obaveze da preduprijedi zlo\u010din genocida.<\/p>\n<p>Ova politi\u010dka paraliza je na vidjelo iznijela ozbiljnu i jasnu krizu dvostrukih standarda koja prijeti kredibilitetu i pukoj odr\u017eivosti ovog sistema, a na \u0161tetu svih. Zlo\u010dini koje Izrael kao okupaciona sila \u010dini nad palestinskim mu\u0161karcima, \u017eenama i djecom, uni\u0161tavaju\u0107i i traumatizuju\u0107i \u010ditav jedan narod, su \u0161okirala savjest cijelog svijeta i tra\u017ee od svih dr\u017eava i naroda da postupe sa ciljem uspostavljanja pravde.<\/p>\n<p>Me\u0111unarodni sistem duguje Ju\u017enoj Africi dug zahvalnosti zbog preduzimanja ovog koraka, umjesto pasivnog posmatranja procesa uni\u0161tenja me\u0111unarodnih normi zarad kratkoro\u010dnih politi\u010dkih interesa, a na dodatnu \u0161tetu nebrojenih ljudskih \u017eivota i egzistencije jedne cijele nacije.<\/p>\n<p>Glasovi miliona ljudi koji su iza\u0161li na ulice \u0161irom svijeta odjekuju u Ju\u017enoafri\u010dkom pravnom postupku. Palestinski narod u Gazi, kao i izvan nje, uzdi\u0161e sa nadom da humanost, moralna hrabrost i konzistentnost mo\u017ee da nadja\u010da rasizam, ratno-hu\u0161ka\u010dke politike i dvostruke standarde. Da postoji politi\u010dka, pravna i moralna volja za suprotstavljanje genocidu i djelanju protiv istog.<\/p>\n<p>Ovo je pravni a ne politi\u010dki slu\u010daj. Ovaj ozbiljan pravni prestup mora biti suo\u010den sa i procijenjen pred zakonom, a ne pred mrziteljskim i ostra\u0161\u0107enim politi\u010dkim spinom nadojenim rasizmom, rasisti\u010dkom nadmo\u0107no\u0161\u0107u i dvostrukim standardima. Poku\u0161aji sabota\u017ee ili preplavljivanja ovih istorijskih pravnih procesa politizacijom i retorikom moraju biti nedvosmisleno odba\u010deni i razotkriveni.<\/p>\n<p>Dr\u017eava Palestina vjeruje da \u0107e Me\u0111unarodni sud pravde, kao najvi\u0161a sudska instanca na planeti, odbraniti svoju nezavisnost i postupiti u skladu sa svojim plemenitim obavezama u pridr\u017eavanju zakona i suo\u010davanju sa neka\u017enjivo\u0161\u0107u.<\/p>\n<p>Ne mo\u017eemo ostati nijemi prilikom suo\u010davanja sa raznim zlo\u010dinima, zlo\u010dinima protiv \u010dovje\u010dnosti i genocidom nad palestinskim narodom. Mi zahtjevamo odgovornost i pravdu, za\u0161titu na\u0161eg naroda i osiguravanje dostojanstva i prava koja su im predugo bila uskra\u0107ena.<\/p>\n<p>Palestinski narod je vje\u010dno zahvalan hrabrom narodu i vladi Ju\u017ene Afrike za preduzimanje ovih koraka sada kada je to najva\u017enije. Za stajanje u za\u0161titu pravde i svjetske humanosti. Na\u0161e dugo i duboko prijateljstvo, koje je uvijek bilo zasnovano na uzajamnoj posve\u0107enosti slobodi, jednakosti i pravdi, osta\u0107e inspirativan primjer aktivne solidarnosti i principijelnog partnerstva u zajedni\u010dkom nastojanju ka ovim izuzetno plemenitim ciljevima.<\/p>\n<p>Ovom prilikom srda\u010dno pozdravljamo Ju\u017enu Afriku i sve miroljubive narode koji su stali u podr\u0161ku palestinskog naroda u vrijeme kada je to bilo najpotrebnije.&#8221;<\/p>\n<blockquote class=\"wp-embedded-content\" data-secret=\"AeFuTSBQqR\"><p><a href=\"https:\/\/www.pcnen.com\/portal\/2024\/01\/11\/pocelo-saslusanje-po-juznoafrickoj-tuzbi-za-genocid-protiv-izraela-video\/\">Po\u010delo saslu\u0161anje po ju\u017enoafri\u010dkoj tu\u017ebi za genocid protiv Izraela (video)<\/a><\/p><\/blockquote>\n<p><iframe loading=\"lazy\" class=\"wp-embedded-content\" sandbox=\"allow-scripts\" security=\"restricted\" style=\"position: absolute; clip: rect(1px, 1px, 1px, 1px);\" title=\"&#8220;Po\u010delo saslu\u0161anje po ju\u017enoafri\u010dkoj tu\u017ebi za genocid protiv Izraela (video)&#8221; &#8212; PCNEN\" src=\"https:\/\/www.pcnen.com\/portal\/2024\/01\/11\/pocelo-saslusanje-po-juznoafrickoj-tuzbi-za-genocid-protiv-izraela-video\/embed\/#?secret=6BLw5fGFT2#?secret=AeFuTSBQqR\" data-secret=\"AeFuTSBQqR\" width=\"600\" height=\"338\" frameborder=\"0\" marginwidth=\"0\" marginheight=\"0\" scrolling=\"no\"><\/iframe><\/p>\n","protected":false},"excerpt":{"rendered":"<p>Dr\u017eava Palestina je pozdravila i izrazila duboku zahvalnost Republici Ju\u017enoj Africi &#8220;za ubjedljvu pravnu prezentaciju predstavljenu od strane Republike Ju\u017ene Afrike pred Me\u0111unarodnim sudom pravde u vezi sa izraelskim masivnim kr\u0161enjem Konvencije o genocidu<\/p>\n","protected":false},"author":1,"featured_media":390890,"comment_status":"open","ping_status":"closed","sticky":false,"template":"","format":"standard","meta":{"_seopress_robots_primary_cat":"none","_seopress_titles_title":"","_seopress_titles_desc":"","_seopress_robots_index":"","_et_pb_use_builder":"","_et_pb_old_content":"","_et_gb_content_width":"","inline_featured_image":false,"footnotes":""},"categories":[14],"tags":[],"class_list":["post-390886","post","type-post","status-publish","format-standard","has-post-thumbnail","hentry","category-vijesti"],"_links":{"self":[{"href":"https:\/\/www.pcnen.com\/portal\/wp-json\/wp\/v2\/posts\/390886","targetHints":{"allow":["GET"]}}],"collection":[{"href":"https:\/\/www.pcnen.com\/portal\/wp-json\/wp\/v2\/posts"}],"about":[{"href":"https:\/\/www.pcnen.com\/portal\/wp-json\/wp\/v2\/types\/post"}],"author":[{"embeddable":true,"href":"https:\/\/www.pcnen.com\/portal\/wp-json\/wp\/v2\/users\/1"}],"replies":[{"embeddable":true,"href":"https:\/\/www.pcnen.com\/portal\/wp-json\/wp\/v2\/comments?post=390886"}],"version-history":[{"count":1,"href":"https:\/\/www.pcnen.com\/portal\/wp-json\/wp\/v2\/posts\/390886\/revisions"}],"predecessor-version":[{"id":390891,"href":"https:\/\/www.pcnen.com\/portal\/wp-json\/wp\/v2\/posts\/390886\/revisions\/390891"}],"wp:featuredmedia":[{"embeddable":true,"href":"https:\/\/www.pcnen.com\/portal\/wp-json\/wp\/v2\/media\/390890"}],"wp:attachment":[{"href":"https:\/\/www.pcnen.com\/portal\/wp-json\/wp\/v2\/media?parent=390886"}],"wp:term":[{"taxonomy":"category","embeddable":true,"href":"https:\/\/www.pcnen.com\/portal\/wp-json\/wp\/v2\/categories?post=390886"},{"taxonomy":"post_tag","embeddable":true,"href":"https:\/\/www.pcnen.com\/portal\/wp-json\/wp\/v2\/tags?post=390886"}],"curies":[{"name":"wp","href":"https:\/\/api.w.org\/{rel}","templated":true}]}}