{"id":390826,"date":"2024-01-12T06:47:29","date_gmt":"2024-01-12T05:47:29","guid":{"rendered":"https:\/\/www.pcnen.com\/portal\/?p=390826"},"modified":"2024-01-12T06:48:27","modified_gmt":"2024-01-12T05:48:27","slug":"huti-porucuju-da-ce-zapaliti-region","status":"publish","type":"post","link":"https:\/\/www.pcnen.com\/portal\/2024\/01\/12\/huti-porucuju-da-ce-zapaliti-region\/","title":{"rendered":"Huti poru\u010duju da \u0107e zapaliti region"},"content":{"rendered":"<p>Jemenski Huti, koje su ju\u010de \u017eestoko napali SAD i njeni saveznici, zaprijetili su da \u0107e zapaliti region.<\/p>\n<p>&#8220;Nastavi\u0107emo ga\u0111ati cionisti\u010dke brodove i one koji idu u cionisti\u010dki entitet. Mi \u0107emo se suo\u010diti sa Amerikom, natjerati je da klekne, spali\u0107emo njene ratne brodove, sve njene baze i svakoga ko sa njom sara\u0111uje. Koliko god nas to ko\u0161talo, ne\u0107emo napustiti Gazu. Neka se raspali veliki rat, jer mi smo njegov narod i ljudi&#8221;, poru\u010dili su Huti u zvani\u010dnom saop\u0161tenju.<\/p>\n<blockquote class=\"wp-embedded-content\" data-secret=\"hm1YjOIlI2\"><p><a href=\"https:\/\/www.pcnen.com\/portal\/2024\/01\/12\/znacajna-eskalacija-americkog-angazmana-u-borbama-na-bliskom-istoku\/\">Zna\u010dajna eskalacija ameri\u010dkog anga\u017emana u borbama na Bliskom istoku<\/a><\/p><\/blockquote>\n<p><iframe loading=\"lazy\" class=\"wp-embedded-content\" sandbox=\"allow-scripts\" security=\"restricted\" style=\"position: absolute; clip: rect(1px, 1px, 1px, 1px);\" title=\"&#8220;Zna\u010dajna eskalacija ameri\u010dkog anga\u017emana u borbama na Bliskom istoku&#8221; &#8212; PCNEN\" src=\"https:\/\/www.pcnen.com\/portal\/2024\/01\/12\/znacajna-eskalacija-americkog-angazmana-u-borbama-na-bliskom-istoku\/embed\/#?secret=upy3imEJg9#?secret=hm1YjOIlI2\" data-secret=\"hm1YjOIlI2\" width=\"600\" height=\"338\" frameborder=\"0\" marginwidth=\"0\" marginheight=\"0\" scrolling=\"no\"><\/iframe><\/p>\n","protected":false},"excerpt":{"rendered":"<p>Mi \u0107emo se suo\u010diti sa Amerikom, natjerati je da klekne, spali\u0107emo njene ratne brodove, sve njene baze i svakoga ko sa njom sara\u0111uje<\/p>\n","protected":false},"author":1,"featured_media":388891,"comment_status":"open","ping_status":"closed","sticky":false,"template":"","format":"standard","meta":{"_seopress_robots_primary_cat":"none","_seopress_titles_title":"","_seopress_titles_desc":"","_seopress_robots_index":"","_et_pb_use_builder":"","_et_pb_old_content":"","_et_gb_content_width":"","inline_featured_image":false,"footnotes":""},"categories":[14],"tags":[3681],"class_list":["post-390826","post","type-post","status-publish","format-standard","has-post-thumbnail","hentry","category-vijesti","tag-huti-prijete"],"_links":{"self":[{"href":"https:\/\/www.pcnen.com\/portal\/wp-json\/wp\/v2\/posts\/390826","targetHints":{"allow":["GET"]}}],"collection":[{"href":"https:\/\/www.pcnen.com\/portal\/wp-json\/wp\/v2\/posts"}],"about":[{"href":"https:\/\/www.pcnen.com\/portal\/wp-json\/wp\/v2\/types\/post"}],"author":[{"embeddable":true,"href":"https:\/\/www.pcnen.com\/portal\/wp-json\/wp\/v2\/users\/1"}],"replies":[{"embeddable":true,"href":"https:\/\/www.pcnen.com\/portal\/wp-json\/wp\/v2\/comments?post=390826"}],"version-history":[{"count":1,"href":"https:\/\/www.pcnen.com\/portal\/wp-json\/wp\/v2\/posts\/390826\/revisions"}],"predecessor-version":[{"id":390829,"href":"https:\/\/www.pcnen.com\/portal\/wp-json\/wp\/v2\/posts\/390826\/revisions\/390829"}],"wp:featuredmedia":[{"embeddable":true,"href":"https:\/\/www.pcnen.com\/portal\/wp-json\/wp\/v2\/media\/388891"}],"wp:attachment":[{"href":"https:\/\/www.pcnen.com\/portal\/wp-json\/wp\/v2\/media?parent=390826"}],"wp:term":[{"taxonomy":"category","embeddable":true,"href":"https:\/\/www.pcnen.com\/portal\/wp-json\/wp\/v2\/categories?post=390826"},{"taxonomy":"post_tag","embeddable":true,"href":"https:\/\/www.pcnen.com\/portal\/wp-json\/wp\/v2\/tags?post=390826"}],"curies":[{"name":"wp","href":"https:\/\/api.w.org\/{rel}","templated":true}]}}