{"id":390768,"date":"2024-01-11T11:19:52","date_gmt":"2024-01-11T10:19:52","guid":{"rendered":"https:\/\/www.pcnen.com\/portal\/?p=390768"},"modified":"2024-01-11T11:19:52","modified_gmt":"2024-01-11T10:19:52","slug":"roditelji-ubijenih-u-peci-vucic-da-kaze-ko-je-ubio-decu-u-pandi-ili-da-se-istraga-zvanicno-obustavi","status":"publish","type":"post","link":"https:\/\/www.pcnen.com\/portal\/2024\/01\/11\/roditelji-ubijenih-u-peci-vucic-da-kaze-ko-je-ubio-decu-u-pandi-ili-da-se-istraga-zvanicno-obustavi\/","title":{"rendered":"Roditelji ubijenih u Pe\u0107i: Vu\u010di\u0107 da ka\u017ee ko je ubio decu u &#8216;Pandi&#8217; ili da se istraga zvani\u010dno obustavi"},"content":{"rendered":"<p>Roditelji ubijenih dje\u010daka u pe\u0107kom kafi\u0107u &#8220;Panda&#8221; ponovo su danas zatra\u017eili od predsjednika Srbije Aleksandra Vu\u010di\u0107a da ka\u017ee ko je ubio djecu u Pe\u0107i ili da, kako su kazali, tu\u017eila\u0161tvo zatvori slu\u010daj kao nerije\u0161en.<\/p>\n<p>Ljubomir Risti\u0107, otac ubijenog Svetislava, rekao je agenciji Beta da se danas navr\u0161ilo godinu dana od kada je Vu\u010di\u0107 na konferenciji za medije rekao da \u0107e primiti na razgovor roditelje stradale djece, a da je to obe\u0107anje ponovio i 28. februara kada je navodno odgodio posjetu Azerbejd\u017eanu.<\/p>\n<p>&#8220;Ako ve\u0107 nije ispunio dva puta dato javno obe\u0107anje da \u0107e da nas primi, u ime svih porodica molim Vu\u010di\u0107a kao \u010doveka, politi\u010dara, dr\u017eavnika i pravnika, da ode u Tu\u017eila\u0161tvo za organizovani kriminal i da sva svoja saznanja, informacije i sve ostalo \u0161to poseduje u vezi &#8216;Pande&#8217; da tu\u017eiocu (Mladenu) Nenadi\u0107u. Tra\u017eimo da se &#8216;slu\u010daj Panda&#8217; procesuira i otkrije istina ili da se zvani\u010dno obustavi istraga. Roditelji ne mogu vi\u0161e da trpe poni\u017eavanje od strane dr\u017eavnih institucija&#8221;, naglasio je Risti\u0107.<\/p>\n<p>On isti\u010de da se dr\u017eavne institucije i najvi\u0161i dr\u017eavni funkcioneri ve\u0107 25 godina poigravaju s bolom porodica.<\/p>\n<p>&#8220;Vu\u010di\u0107 ne sme da ka\u017ee istinu zato \u0161to zna da je na\u0161e sinove ubila dr\u017eava. On se pla\u0161i tajnih slu\u017ebi i ne\u0107e nas nikada primiti na razgovor, iako je to nekoliko puta obe\u0107ao&#8221;, rekla je Ljubica Trifovi\u0107, majka ubijenog Dragana.<\/p>\n<p>Aleksandar Vu\u010di\u0107 je od 2013. do 2018. godine u nekoliko navrata ustvrdio da zlo\u010din u &#8220;Pandi&#8221; nisu po\u010dinili Albanci i da &#8220;gotovo sve zna&#8221; o tome \u0161ta se dogodilo kobne no\u0107i u kafi\u0107u, ali da nema dokaza.<\/p>\n<p>Prije du\u017ee od 25 godina, 14 decembra 1998, oko 20 \u010dasova, dvojica maskiranih napada\u010da otvorila su paljbu iz automatskih pu\u0161aka na goste kafi\u0107a &#8220;Panda&#8221;, me\u0111u kojima je najvi\u0161e bilo pe\u0107kih gimnazijalaca.<\/p>\n<p>Ubijeni su Ivan Obradovi\u0107 (15), Vukota Gvozdenovi\u0107 (16), Dragan Trifovi\u0107 (18), Svetislav Risti\u0107 (18), Zoran Stanojevi\u0107 (18) i Ivan Radevi\u0107 (24).<\/p>\n<p>Vladimir Lon\u010darevi\u0107 (18) i Mirsad \u0160abovi\u0107 (34) su te\u0161ko ranjeni, dok je Nikola Rajovi\u0107 (18) lak\u0161e ranjen.<\/p>\n<p>Roditelji ka\u017eu da bi tu\u017eila\u0161tvo moralo i da otkrije zbog \u010dega je Dr\u017eavna bezbjednost samo par dana nakon zlo\u010dina uhapsila i osumnji\u010dila grupu Albanaca koja, kako je kasnije utvr\u0111eno, nije imala nikakve veze s ubistvom u &#8220;Pandi&#8221;.<\/p>\n<p>&#8220;To \u0161to je tada uradila Dr\u017eavna bezbednost imalo je za cilj zamajavanje javnosti i skretanje istrage na suprotnu i pogre\u0161nu stranu&#8221;, rekao je ranije Risti\u0107.<\/p>\n<p>Nekoliko dana prije zlo\u010dina u kafi\u0107u &#8220;Panda&#8221;, u dnevniku RTS je dvije no\u0107i zaredom \u010ditano &#8220;saop\u0161tenje&#8221; OVK o njihovom planu da izvr\u0161e oru\u017eane napade na lokale u kojima se okuplja srpska omladina na Kosovu i Metohiji.<\/p>\n<p>Na pitanje Bete ko je taj tekst dostavio RTS i zbog \u010dega je \u010ditan dvije no\u0107i zaredom, tada\u0161nji glavni urednik Milorad Komrakov je rekao da je od tada pro\u0161lo mnogo vremena i da bi te detalje morao da provjeri.<\/p>\n<p>&#8220;Siguran sam da meni, ako je to ta\u010dno, niko nije naredio da se ta informacija \u010dita u dnevniku dvije no\u0107i zaredom. Takvu vijest nikada ne bih emitovao uzastopno dva dana&#8221;, rekao je on.<\/p>\n<p>Upitan da li je emitovanje te informacije mogao da naredi tada\u0161nji generalni direktor Dragoljub Milanovi\u0107, Komrakov je kazao da ne mo\u017ee da govori u ime Milanovi\u0107a.<\/p>\n<p>Istraga o zlo\u010dinu u &#8220;Pandi&#8221; pokrenuta je u novembru 2015. godine u Tu\u017eila\u0161tvu za organizovani kriminal u Beogradu. Do sada je saslu\u0161ano oko 40 svjedoka, ali optu\u017enica nije podignuta.<\/p>\n<p>U me\u0111uvremenu, pri\u0161tinske vlasti su ispred kafi\u0107a &#8220;Panda&#8221; postavile spomen plo\u010du na kojoj pi\u0161e da je po nare\u0111enju Dr\u017eavne bezbednosti Srbije streljano \u0161est srpskih mladi\u0107a.<\/p>\n<p>&#8220;Kosovske vlasti ho\u0107e da poka\u017eu svetskoj javnosti da je stradanje Albanaca po\u010delo nakon zlo\u010dina u &#8216;Pandi&#8217;. Na\u017ealost, niko od na\u0161ih politi\u010dara nije reagovao na pretvaranje &#8216;Pande&#8217; u spomen sobu albanskog stradanja. I Albanci zloupotrebljavaju na\u0161u tragediju, jer dok se ne\u0161to ne utvrdi ne mo\u017ee nikom da se pripisuje, bez obzira na bilo \u010dije izjave&#8221;, naglasio je Risti\u0107, prenosi Beta.<\/p>\n<blockquote class=\"wp-embedded-content\" data-secret=\"1bKjARvzUx\"><p><a href=\"https:\/\/www.pcnen.com\/portal\/2022\/12\/26\/roditelji-ubijene-djece-vucic-i-tuzilastvo-da-saopste-istinu-o-masakru-u-pandi\/\">Roditelji ubijene djece: Vu\u010di\u0107 i Tu\u017eila\u0161tvo da saop\u0161te istinu o masakru u &#8216;Pandi&#8217;<\/a><\/p><\/blockquote>\n<p><iframe loading=\"lazy\" class=\"wp-embedded-content\" sandbox=\"allow-scripts\" security=\"restricted\" style=\"position: absolute; clip: rect(1px, 1px, 1px, 1px);\" title=\"&#8220;Roditelji ubijene djece: Vu\u010di\u0107 i Tu\u017eila\u0161tvo da saop\u0161te istinu o masakru u &#8216;Pandi&#8217;&#8221; &#8212; PCNEN\" src=\"https:\/\/www.pcnen.com\/portal\/2022\/12\/26\/roditelji-ubijene-djece-vucic-i-tuzilastvo-da-saopste-istinu-o-masakru-u-pandi\/embed\/#?secret=mIX40lfYBu#?secret=1bKjARvzUx\" data-secret=\"1bKjARvzUx\" width=\"600\" height=\"338\" frameborder=\"0\" marginwidth=\"0\" marginheight=\"0\" scrolling=\"no\"><\/iframe><\/p>\n","protected":false},"excerpt":{"rendered":"<p>Prije du\u017ee od 25 godina, 14. decembra 1998, oko 20 \u010dasova, dvojica maskiranih napada\u010da otvorila su paljbu iz automatskih pu\u0161aka na goste kafi\u0107a &#8220;Panda&#8221;, me\u0111u kojima je najvi\u0161e bilo pe\u0107kih gimnazijalaca<\/p>\n","protected":false},"author":1,"featured_media":390771,"comment_status":"open","ping_status":"closed","sticky":false,"template":"","format":"standard","meta":{"_seopress_robots_primary_cat":"none","_seopress_titles_title":"","_seopress_titles_desc":"","_seopress_robots_index":"","_et_pb_use_builder":"","_et_pb_old_content":"","_et_gb_content_width":"","inline_featured_image":false,"footnotes":""},"categories":[14],"tags":[],"class_list":["post-390768","post","type-post","status-publish","format-standard","has-post-thumbnail","hentry","category-vijesti"],"_links":{"self":[{"href":"https:\/\/www.pcnen.com\/portal\/wp-json\/wp\/v2\/posts\/390768","targetHints":{"allow":["GET"]}}],"collection":[{"href":"https:\/\/www.pcnen.com\/portal\/wp-json\/wp\/v2\/posts"}],"about":[{"href":"https:\/\/www.pcnen.com\/portal\/wp-json\/wp\/v2\/types\/post"}],"author":[{"embeddable":true,"href":"https:\/\/www.pcnen.com\/portal\/wp-json\/wp\/v2\/users\/1"}],"replies":[{"embeddable":true,"href":"https:\/\/www.pcnen.com\/portal\/wp-json\/wp\/v2\/comments?post=390768"}],"version-history":[{"count":1,"href":"https:\/\/www.pcnen.com\/portal\/wp-json\/wp\/v2\/posts\/390768\/revisions"}],"predecessor-version":[{"id":390772,"href":"https:\/\/www.pcnen.com\/portal\/wp-json\/wp\/v2\/posts\/390768\/revisions\/390772"}],"wp:featuredmedia":[{"embeddable":true,"href":"https:\/\/www.pcnen.com\/portal\/wp-json\/wp\/v2\/media\/390771"}],"wp:attachment":[{"href":"https:\/\/www.pcnen.com\/portal\/wp-json\/wp\/v2\/media?parent=390768"}],"wp:term":[{"taxonomy":"category","embeddable":true,"href":"https:\/\/www.pcnen.com\/portal\/wp-json\/wp\/v2\/categories?post=390768"},{"taxonomy":"post_tag","embeddable":true,"href":"https:\/\/www.pcnen.com\/portal\/wp-json\/wp\/v2\/tags?post=390768"}],"curies":[{"name":"wp","href":"https:\/\/api.w.org\/{rel}","templated":true}]}}