{"id":390761,"date":"2024-01-11T10:51:52","date_gmt":"2024-01-11T09:51:52","guid":{"rendered":"https:\/\/www.pcnen.com\/portal\/?p=390761"},"modified":"2024-02-16T23:13:28","modified_gmt":"2024-02-16T22:13:28","slug":"pocelo-saslusanje-po-juznoafrickoj-tuzbi-za-genocid-protiv-izraela-video","status":"publish","type":"post","link":"https:\/\/www.pcnen.com\/portal\/2024\/01\/11\/pocelo-saslusanje-po-juznoafrickoj-tuzbi-za-genocid-protiv-izraela-video\/","title":{"rendered":"Po\u010delo saslu\u0161anje po ju\u017enoafri\u010dkoj tu\u017ebi za genocid protiv Izraela (video)"},"content":{"rendered":"<p>Pred Me\u0111unarodnim sudom pravde u Hagu po\u010delo je prvo ro\u010di\u0161te po ju\u017enoafri\u010dkoj tu\u017ebi za genocid protiv Izraela,<a href=\"https:\/\/balkans.aljazeera.net\/news\/world\/liveblog\/2024\/1\/11\/pocinju-saslusanja-po-juznoafrickoj-tuzbi-za-genocid-protiv-izraela\" target=\"_blank\" rel=\"noopener\"> javlja<\/a> Al D\u017eazira.<\/p>\n<p>Ju\u017enoafri\u010dka Republika (JAR) je u decembru podnijela tu\u017ebu, optu\u017euju\u0107i Izrael za po\u010dinjenje genocida i zahtijevaju\u0107i zaustavljanje brutalnog vojnog napada.<\/p>\n<p><iframe loading=\"lazy\" title=\"YouTube video player\" src=\"https:\/\/www.youtube.com\/embed\/gCNeDWCI0vo?si=cx1SknshROv_CdCS\" width=\"560\" height=\"315\" frameborder=\"0\" allowfullscreen=\"allowfullscreen\"><\/iframe><\/p>\n<p>Nekoliko zemalja je pozdravilo ovaj potez.<\/p>\n<p>U Gazi je od 7. oktobra ubijeno najmanje 23.210 Palestinaca, a vi\u0161e od 59.000 ih je ranjeno.<\/p>\n<p>Ronald Lamola, ministar pravde Ju\u017enoafri\u010dke Republike dao je uvodnu rije\u010d u slu\u010daju.<\/p>\n<p>\u201cPru\u017eaju\u0107i ruke \u2026 narodu Palestine, \u010dinimo to s punom svije\u0161\u0107u da smo dio \u010dovje\u010danstva. Ovo su bile rije\u010di na\u0161eg predsjednika osniva\u010da Nelsona Mandele, to je duh u kojem je JAR pristupio Konvenciji o sprje\u010davanju i ka\u017enjavanju zlo\u010dina genocida 1998. godine\u201d, rekao je Lamola.<\/p>\n<p>\u201cTo je duh u kojem pristupamo ovom sudu kao ugovornoj strani konvencije. Ovo je obaveza prema svima, kako prema narodu Palestine tako i prema Izraelcima\u201d, istakao je ju\u017enoafri\u010dki ministar.<\/p>\n<blockquote class=\"wp-embedded-content\" data-secret=\"awjBxvCnRN\"><p><a href=\"https:\/\/www.pcnen.com\/portal\/2024\/01\/02\/izrael-ce-se-u-hagu-braniti-od-optuzbi-za-genocid-u-pojasu-gaze\/\">Izrael \u0107e se u Hagu braniti od optu\u017ebi za genocid u Pojasu Gaze<\/a><\/p><\/blockquote>\n<p><iframe loading=\"lazy\" class=\"wp-embedded-content\" sandbox=\"allow-scripts\" security=\"restricted\" style=\"position: absolute; clip: rect(1px, 1px, 1px, 1px);\" title=\"&#8220;Izrael \u0107e se u Hagu braniti od optu\u017ebi za genocid u Pojasu Gaze&#8221; &#8212; PCNEN\" src=\"https:\/\/www.pcnen.com\/portal\/2024\/01\/02\/izrael-ce-se-u-hagu-braniti-od-optuzbi-za-genocid-u-pojasu-gaze\/embed\/#?secret=ntS3YjhUYf#?secret=awjBxvCnRN\" data-secret=\"awjBxvCnRN\" width=\"600\" height=\"338\" frameborder=\"0\" marginwidth=\"0\" marginheight=\"0\" scrolling=\"no\"><\/iframe><\/p>\n","protected":false},"excerpt":{"rendered":"<p>U Gazi je od 7. oktobra ubijeno najmanje 23.210 Palestinaca, a vi\u0161e od 59.000 ih je ranjeno<\/p>\n","protected":false},"author":1,"featured_media":280310,"comment_status":"open","ping_status":"closed","sticky":false,"template":"","format":"standard","meta":{"_seopress_robots_primary_cat":"none","_seopress_titles_title":"","_seopress_titles_desc":"","_seopress_robots_index":"","_et_pb_use_builder":"","_et_pb_old_content":"","_et_gb_content_width":"","inline_featured_image":false,"footnotes":""},"categories":[14],"tags":[],"class_list":["post-390761","post","type-post","status-publish","format-standard","has-post-thumbnail","hentry","category-vijesti"],"_links":{"self":[{"href":"https:\/\/www.pcnen.com\/portal\/wp-json\/wp\/v2\/posts\/390761","targetHints":{"allow":["GET"]}}],"collection":[{"href":"https:\/\/www.pcnen.com\/portal\/wp-json\/wp\/v2\/posts"}],"about":[{"href":"https:\/\/www.pcnen.com\/portal\/wp-json\/wp\/v2\/types\/post"}],"author":[{"embeddable":true,"href":"https:\/\/www.pcnen.com\/portal\/wp-json\/wp\/v2\/users\/1"}],"replies":[{"embeddable":true,"href":"https:\/\/www.pcnen.com\/portal\/wp-json\/wp\/v2\/comments?post=390761"}],"version-history":[{"count":4,"href":"https:\/\/www.pcnen.com\/portal\/wp-json\/wp\/v2\/posts\/390761\/revisions"}],"predecessor-version":[{"id":390767,"href":"https:\/\/www.pcnen.com\/portal\/wp-json\/wp\/v2\/posts\/390761\/revisions\/390767"}],"wp:featuredmedia":[{"embeddable":true,"href":"https:\/\/www.pcnen.com\/portal\/wp-json\/wp\/v2\/media\/280310"}],"wp:attachment":[{"href":"https:\/\/www.pcnen.com\/portal\/wp-json\/wp\/v2\/media?parent=390761"}],"wp:term":[{"taxonomy":"category","embeddable":true,"href":"https:\/\/www.pcnen.com\/portal\/wp-json\/wp\/v2\/categories?post=390761"},{"taxonomy":"post_tag","embeddable":true,"href":"https:\/\/www.pcnen.com\/portal\/wp-json\/wp\/v2\/tags?post=390761"}],"curies":[{"name":"wp","href":"https:\/\/api.w.org\/{rel}","templated":true}]}}