{"id":390322,"date":"2024-01-05T17:04:58","date_gmt":"2024-01-05T16:04:58","guid":{"rendered":"https:\/\/www.pcnen.com\/portal\/?p=390322"},"modified":"2024-01-05T17:05:27","modified_gmt":"2024-01-05T16:05:27","slug":"dusko-saric-i-milan-vucinic-idu-u-pritvor","status":"publish","type":"post","link":"https:\/\/www.pcnen.com\/portal\/2024\/01\/05\/dusko-saric-i-milan-vucinic-idu-u-pritvor\/","title":{"rendered":"Du\u0161ko \u0160ari\u0107 i Milan Vu\u010dini\u0107 idu u pritvor"},"content":{"rendered":"<p>Krivi\u010dno vanpretresno ve\u0107e Vi\u0161eg suda u Beogradu donijelo je re\u0161enje kojim ostaje na snazi odluka kojom je odre\u0111en pritvor Du\u0161ku \u0160ari\u0107u i Milanu Vu\u010dini\u0107u, optu\u017eenim \u010dlanovima grupe Darka \u0160ari\u0107a.<\/p>\n<p>Du\u0161ku \u0160ari\u0107u ro\u0111enom bratu Darka \u0160ari\u0107a, ovom odlukom pritvor je odre\u0111en 27. jula pro\u0161le godine zbog opasnosti od bjekstva i zbog sumnje da \u0107e ponoviti krivi\u010dno djelo, a koji mo\u017ee da traje najvi\u0161e 60 dana, navodi se u saop\u0161tenju suda.<\/p>\n<p>Milanu Vu\u010dini\u0107u pritvor je odre\u0111en 16. juna pro\u0161le godine zbog opasnosti od bjekstva i zbog sumnje da \u0107e u kratkom vremenskom periodu ponoviti krivi\u010dno djelo.<\/p>\n<p>Du\u0161ku \u0160ari\u0107u je na teret stavljeno udru\u017eivanje radi vr\u0161enja krivi\u010dnih djela i zloupotreba slu\u017ebenog polo\u017eaja u podstrekavanju, dok je Vu\u010dini\u0107u pored udru\u017eivanja na teret stavljeno i te\u0161ko ubistvo.<\/p>\n<p>Du\u0161ko \u0160ari\u0107 i Milan Vu\u010dini\u0107 predali su se ju\u010de policiji.<\/p>\n<p>\u0160ari\u0107 i Vu\u010dini\u0107 se terete da su \u010dlanovi grupe Darka \u0160ari\u0107a, a \u010diji pripadnici se terete za vi\u0161e krivi\u010dnih djela me\u0111u kojima je i planiranje ubistva svjedoka saradnika Neboj\u0161e Joksovi\u0107a.<\/p>\n<p>Sudski postupak po tim optu\u017ebama je vo\u0111en bez Du\u0161ka \u0160ari\u0107a i Milana Vu\u010dini\u0107a jer su oni bili u bjekstvu.<\/p>\n<p>Na prethodnom su\u0111enju krajem decembra branilac Du\u0161ka \u0160ari\u0107a ponudio je sudu jemstvo od 800.000 eura da Du\u0161ku ukine pritvor, odnosno da se otklone zakonski osnovi za odre\u0111ivanje pritvora, na osnovu kojih je raspisana potjernica za njim.<\/p>\n<p>Jemstvo je ponudio i Je\u010dmenica za svog branjenika u visini od 300.000 eura.<\/p>\n<p>Sud je tada odbio ove predloge navode\u0107i da \u0107e odlu\u010divati o tome tek kada oni budu dostupni pravosu\u0111u.<\/p>\n<blockquote class=\"wp-embedded-content\" data-secret=\"qwdU7RjjIP\"><p><a href=\"https:\/\/www.pcnen.com\/portal\/2024\/01\/04\/dusko-saric-se-predao-srbijanskoj-policiji\/\">Du\u0161ko \u0160ari\u0107 se predao srbijanskoj policiji<\/a><\/p><\/blockquote>\n<p><iframe loading=\"lazy\" class=\"wp-embedded-content\" sandbox=\"allow-scripts\" security=\"restricted\" style=\"position: absolute; clip: rect(1px, 1px, 1px, 1px);\" title=\"&#8220;Du\u0161ko \u0160ari\u0107 se predao srbijanskoj policiji&#8221; &#8212; PCNEN\" src=\"https:\/\/www.pcnen.com\/portal\/2024\/01\/04\/dusko-saric-se-predao-srbijanskoj-policiji\/embed\/#?secret=1o0bLQQ8DR#?secret=qwdU7RjjIP\" data-secret=\"qwdU7RjjIP\" width=\"600\" height=\"338\" frameborder=\"0\" marginwidth=\"0\" marginheight=\"0\" scrolling=\"no\"><\/iframe><\/p>\n","protected":false},"excerpt":{"rendered":"<p>Krivi\u010dno vanpretresno ve\u0107e Vi\u0161eg suda u Beogradu donijelo je re\u0161enje kojim ostaje na snazi odluka kojom je odre\u0111en pritvor Du\u0161ku \u0160ari\u0107u i Milanu Vu\u010dini\u0107u, optu\u017eenim \u010dlanovima grupe Darka \u0160ari\u0107a.<\/p>\n","protected":false},"author":1,"featured_media":350621,"comment_status":"open","ping_status":"closed","sticky":false,"template":"","format":"standard","meta":{"_seopress_robots_primary_cat":"none","_seopress_titles_title":"","_seopress_titles_desc":"","_seopress_robots_index":"","_et_pb_use_builder":"","_et_pb_old_content":"","_et_gb_content_width":"","inline_featured_image":false,"footnotes":""},"categories":[14],"tags":[],"class_list":["post-390322","post","type-post","status-publish","format-standard","has-post-thumbnail","hentry","category-vijesti"],"_links":{"self":[{"href":"https:\/\/www.pcnen.com\/portal\/wp-json\/wp\/v2\/posts\/390322","targetHints":{"allow":["GET"]}}],"collection":[{"href":"https:\/\/www.pcnen.com\/portal\/wp-json\/wp\/v2\/posts"}],"about":[{"href":"https:\/\/www.pcnen.com\/portal\/wp-json\/wp\/v2\/types\/post"}],"author":[{"embeddable":true,"href":"https:\/\/www.pcnen.com\/portal\/wp-json\/wp\/v2\/users\/1"}],"replies":[{"embeddable":true,"href":"https:\/\/www.pcnen.com\/portal\/wp-json\/wp\/v2\/comments?post=390322"}],"version-history":[{"count":2,"href":"https:\/\/www.pcnen.com\/portal\/wp-json\/wp\/v2\/posts\/390322\/revisions"}],"predecessor-version":[{"id":390326,"href":"https:\/\/www.pcnen.com\/portal\/wp-json\/wp\/v2\/posts\/390322\/revisions\/390326"}],"wp:featuredmedia":[{"embeddable":true,"href":"https:\/\/www.pcnen.com\/portal\/wp-json\/wp\/v2\/media\/350621"}],"wp:attachment":[{"href":"https:\/\/www.pcnen.com\/portal\/wp-json\/wp\/v2\/media?parent=390322"}],"wp:term":[{"taxonomy":"category","embeddable":true,"href":"https:\/\/www.pcnen.com\/portal\/wp-json\/wp\/v2\/categories?post=390322"},{"taxonomy":"post_tag","embeddable":true,"href":"https:\/\/www.pcnen.com\/portal\/wp-json\/wp\/v2\/tags?post=390322"}],"curies":[{"name":"wp","href":"https:\/\/api.w.org\/{rel}","templated":true}]}}