{"id":390054,"date":"2024-01-02T12:27:32","date_gmt":"2024-01-02T11:27:32","guid":{"rendered":"https:\/\/www.pcnen.com\/portal\/?p=390054"},"modified":"2024-01-02T12:27:32","modified_gmt":"2024-01-02T11:27:32","slug":"izrael-ce-se-u-hagu-braniti-od-optuzbi-za-genocid-u-pojasu-gaze","status":"publish","type":"post","link":"https:\/\/www.pcnen.com\/portal\/2024\/01\/02\/izrael-ce-se-u-hagu-braniti-od-optuzbi-za-genocid-u-pojasu-gaze\/","title":{"rendered":"Izrael \u0107e se u Hagu braniti od optu\u017ebi za genocid u Pojasu Gaze"},"content":{"rendered":"<p>Izraelske vlasti iznije\u0107e odbranu na Me\u0111unarodnom sudu pravde u Hagu na kojem je Ju\u017ena Afrika pro\u0161le nedjelje pokrenula proces protiv jevrejske dr\u017eave, optu\u017euju\u0107i je za genocid u Pojasu Gaze.<\/p>\n<p>&#8220;Izrael, dugogodi\u0161nji potpisnik Konvencije o genocidu ne\u0107e bojkotovati (sudski) postupak. Mi \u0107emo u\u010destvovati i opovrgnuti apsurdnu optu\u017ebu koja se grani\u010di sa krvnom klevetom&#8221;, rekao je savjetnik za nacionalnu bezbijednost Izraela Cahi Hanegbi, prenosi Beta.<\/p>\n<p>Izraelski list Harec javlja da je takva odluka donijeta na sastanku kojem je predsjedavao premijer Benjamin Netanjahu i posle konsultacija sa Ministarstvom pravde, vojskom i Savjetom za nacionalnu bezbijednost.<\/p>\n<p>Su\u0111enje bi moglo trajati godinama, ali neposredni cilj Izraela je da sprije\u010di sud da donese privremenu naredbu o zaustavljanju vojnih operacija u Gazi.<\/p>\n<p>U podnesku za otvaranje postupka protiv Izraela pro\u0161e nedjelje, Ju\u017ena Afrika je navela da su izraelski postupci u Gazi &#8220;genocidnog karaktera jer imaju za cilj da dovodu do uni\u0161tenja zna\u010dajnog dijela palestinske nacionalne, rasne i etni\u010dke grupe&#8221;.<\/p>\n","protected":false},"excerpt":{"rendered":"<p>Izraelske vlasti iznije\u0107e odbranu na Me\u0111unarodnom sudu pravde u Hagu na kojem je Ju\u017ena Afrika pro\u0161le nedjelje pokrenula proces protiv jevrejske dr\u017eave, optu\u017euju\u0107i je za genocid u Pojasu Gaze. &#8220;Izrael, dugogodi\u0161nji potpisnik Konvencije o genocidu ne\u0107e bojkotovati (sudski) postupak. Mi \u0107emo u\u010destvovati i opovrgnuti apsurdnu optu\u017ebu koja se grani\u010di sa krvnom klevetom&#8221;, rekao je savjetnik [&hellip;]<\/p>\n","protected":false},"author":1,"featured_media":314966,"comment_status":"open","ping_status":"closed","sticky":false,"template":"","format":"standard","meta":{"_seopress_robots_primary_cat":"none","_seopress_titles_title":"","_seopress_titles_desc":"","_seopress_robots_index":"","_et_pb_use_builder":"","_et_pb_old_content":"","_et_gb_content_width":"","inline_featured_image":false,"footnotes":""},"categories":[14],"tags":[],"class_list":["post-390054","post","type-post","status-publish","format-standard","has-post-thumbnail","hentry","category-vijesti"],"_links":{"self":[{"href":"https:\/\/www.pcnen.com\/portal\/wp-json\/wp\/v2\/posts\/390054","targetHints":{"allow":["GET"]}}],"collection":[{"href":"https:\/\/www.pcnen.com\/portal\/wp-json\/wp\/v2\/posts"}],"about":[{"href":"https:\/\/www.pcnen.com\/portal\/wp-json\/wp\/v2\/types\/post"}],"author":[{"embeddable":true,"href":"https:\/\/www.pcnen.com\/portal\/wp-json\/wp\/v2\/users\/1"}],"replies":[{"embeddable":true,"href":"https:\/\/www.pcnen.com\/portal\/wp-json\/wp\/v2\/comments?post=390054"}],"version-history":[{"count":1,"href":"https:\/\/www.pcnen.com\/portal\/wp-json\/wp\/v2\/posts\/390054\/revisions"}],"predecessor-version":[{"id":390057,"href":"https:\/\/www.pcnen.com\/portal\/wp-json\/wp\/v2\/posts\/390054\/revisions\/390057"}],"wp:featuredmedia":[{"embeddable":true,"href":"https:\/\/www.pcnen.com\/portal\/wp-json\/wp\/v2\/media\/314966"}],"wp:attachment":[{"href":"https:\/\/www.pcnen.com\/portal\/wp-json\/wp\/v2\/media?parent=390054"}],"wp:term":[{"taxonomy":"category","embeddable":true,"href":"https:\/\/www.pcnen.com\/portal\/wp-json\/wp\/v2\/categories?post=390054"},{"taxonomy":"post_tag","embeddable":true,"href":"https:\/\/www.pcnen.com\/portal\/wp-json\/wp\/v2\/tags?post=390054"}],"curies":[{"name":"wp","href":"https:\/\/api.w.org\/{rel}","templated":true}]}}