{"id":388784,"date":"2023-12-19T15:57:37","date_gmt":"2023-12-19T14:57:37","guid":{"rendered":"https:\/\/www.pcnen.com\/portal\/?p=388784"},"modified":"2023-12-19T15:57:37","modified_gmt":"2023-12-19T14:57:37","slug":"rtcg-rudnika-u-mojkovcu-nece-biti","status":"publish","type":"post","link":"https:\/\/www.pcnen.com\/portal\/2023\/12\/19\/rtcg-rudnika-u-mojkovcu-nece-biti\/","title":{"rendered":"RTCG: Rudnika u Mojkovcu ne\u0107e biti?"},"content":{"rendered":"<p>Ministarstvo energetike i rudarstva, na \u010dijem je \u010delu Sa\u0161a Mujovi\u0107, obavijesti\u0107e premijera Milojka Spaji\u0107a da je Ugovor o koncesiji za detaljna geolo\u0161ka istra\u017eivanja i eksploataciju rude na prostoru biv\u0161eg rudnika Brskovo istekao u julu, te da je i rok za posljednji potpisan aneks probijen, nezvani\u010dno<a href=\"https:\/\/rtcg.me\/vijesti\/ekonomija\/500082\/rudnika-u-mojkovcu-nece-biti-.html\" target=\"_blank\" rel=\"noopener\"> saznaje Portal RTCG.<\/a><\/p>\n<p>Mujovi\u0107 u narednim danima o\u010dekuje i zvani\u010dnu potvrdu ove informacije od Za\u0161titnika imovinsko-pravnih interesa Crne Gore. To bi mogao biti uvod u raskid ugovora sa firmom &#8220;Tara resources&#8221;.<\/p>\n<p>Ministar Mujovi\u0107 je kazao ranije da je on protiv otvaranja rudnika Brskovo, ako je cijena degradacija zdravlja gra\u0111ana i \u017eivotne sredine.<\/p>\n<p><a href=\"https:\/\/www.pcnen.com\/portal\/?s=zdravi+mojkovac\" target=\"_blank\" rel=\"noopener\">VEZANE VIJESTI<\/a><\/p>\n","protected":false},"excerpt":{"rendered":"<p>Ministarstvo energetike i rudarstva, na \u010dijem je \u010delu Sa\u0161a Mujovi\u0107, obavijesti\u0107e premijera Milojka Spaji\u0107a da je Ugovor o koncesiji za detaljna geolo\u0161ka istra\u017eivanja i eksploataciju rude na prostoru biv\u0161eg rudnika Brskovo istekao u julu, te da je i rok za posljednji potpisan aneks probijen<\/p>\n","protected":false},"author":1,"featured_media":376091,"comment_status":"open","ping_status":"closed","sticky":false,"template":"","format":"standard","meta":{"_seopress_robots_primary_cat":"none","_seopress_titles_title":"","_seopress_titles_desc":"","_seopress_robots_index":"","_et_pb_use_builder":"","_et_pb_old_content":"","_et_gb_content_width":"","inline_featured_image":false,"footnotes":""},"categories":[14],"tags":[2874,3609],"class_list":["post-388784","post","type-post","status-publish","format-standard","has-post-thumbnail","hentry","category-vijesti","tag-mojkovac","tag-rudnik"],"_links":{"self":[{"href":"https:\/\/www.pcnen.com\/portal\/wp-json\/wp\/v2\/posts\/388784","targetHints":{"allow":["GET"]}}],"collection":[{"href":"https:\/\/www.pcnen.com\/portal\/wp-json\/wp\/v2\/posts"}],"about":[{"href":"https:\/\/www.pcnen.com\/portal\/wp-json\/wp\/v2\/types\/post"}],"author":[{"embeddable":true,"href":"https:\/\/www.pcnen.com\/portal\/wp-json\/wp\/v2\/users\/1"}],"replies":[{"embeddable":true,"href":"https:\/\/www.pcnen.com\/portal\/wp-json\/wp\/v2\/comments?post=388784"}],"version-history":[{"count":1,"href":"https:\/\/www.pcnen.com\/portal\/wp-json\/wp\/v2\/posts\/388784\/revisions"}],"predecessor-version":[{"id":388787,"href":"https:\/\/www.pcnen.com\/portal\/wp-json\/wp\/v2\/posts\/388784\/revisions\/388787"}],"wp:featuredmedia":[{"embeddable":true,"href":"https:\/\/www.pcnen.com\/portal\/wp-json\/wp\/v2\/media\/376091"}],"wp:attachment":[{"href":"https:\/\/www.pcnen.com\/portal\/wp-json\/wp\/v2\/media?parent=388784"}],"wp:term":[{"taxonomy":"category","embeddable":true,"href":"https:\/\/www.pcnen.com\/portal\/wp-json\/wp\/v2\/categories?post=388784"},{"taxonomy":"post_tag","embeddable":true,"href":"https:\/\/www.pcnen.com\/portal\/wp-json\/wp\/v2\/tags?post=388784"}],"curies":[{"name":"wp","href":"https:\/\/api.w.org\/{rel}","templated":true}]}}