{"id":388711,"date":"2023-12-18T15:53:27","date_gmt":"2023-12-18T14:53:27","guid":{"rendered":"https:\/\/www.pcnen.com\/portal\/?p=388711"},"modified":"2023-12-18T15:53:27","modified_gmt":"2023-12-18T14:53:27","slug":"ura-brdjanin-smijenjen-jer-je-u-sky-aplikaciji-i-zbog-veza-sa-milovicem","status":"publish","type":"post","link":"https:\/\/www.pcnen.com\/portal\/2023\/12\/18\/ura-brdjanin-smijenjen-jer-je-u-sky-aplikaciji-i-zbog-veza-sa-milovicem\/","title":{"rendered":"URA: Br\u0111anin smijenjen jer je u SKY aplikaciji i zbog veza sa Milovi\u0107em"},"content":{"rendered":"<p>Beskompromisna borba protiv organizovanog kriminala i korupcije bila je na vrhu prioriteta Vlade Dritana Abazovi\u0107a, kao nasu\u0161na potreba na\u0161e dr\u017eave da se otrgne iz kand\u017ei organizovanih kriminalnih grupa koje su se u prethodnim decenijama u potpunosti infiltrirale unutar institucija sistema i u\u010dinile da rade u njihovom interesu, a ne u interesu Crne Gore i njenih gra\u0111anki i gra\u0111ana,\u00a0 saop\u0161teno je iz Gra\u0111anskog pokreta URA.<\/p>\n<p>&#8220;U toj borbi bila je prije svega potrebna politi\u010dka volja, ali i ljudi koji su spremni svojim integritetom, po\u0161tenjem i hrabro\u0161\u0107u da se uhvate u ko\u0161tac sa najozlogla\u0161enijim ljudima iz crnogorskog podzemlja, a nakon \u0161to su po\u010deli pristizati podaci sa SKY aplikacije u kojima se na\u0161ao i tada\u0161nji direktor Uprave policije Zoran Br\u0111anin postalo je jasno da on nije jedan od njih.<\/p>\n<p>Podsje\u0107amo, da su upravo tada\u0161nji premijer Dritan Abazovi\u0107 i ministar unutra\u0161njih poslova Filip Ad\u017ei\u0107 zaslu\u017eni zato \u0161to je vra\u0107eno povjerenje Europola, a \u0161to je rezultiralo i dostavljanjem podataka sa SKY prepiski. Tako\u0111e, alarm su bile i njegove veze sa visoko rangiranim \u010dlanom kava\u010dkog klana, odbjeglim policajcem Ljubom Milovi\u0107em i sumnja da se u Upravi policije imenuju na klju\u010dnim pozicijama ljudi bliski organizovanim kriminalnim grupama. \u0160to je bilo i vi\u0161e nego dovoljno da 43. Vlada smijeni Zorana Br\u0111anina sa mjesta direktora Uprave policije&#8221;, navodi se u saop\u0161tenju.<\/p>\n<p>Nakon smjene Zorana Br\u0111anina na \u010delnim pozicijama u bezbjednosnom sektoru na\u0161li su se ljudi koji su dali veliki doprinos u borbi protiv organizovanog kriminala i korupcije i za \u010dije vrijeme su postignuti istorijski rezultati, poru\u010duju iz URE.<\/p>\n<p>&#8220;Upravo su se oni nakon politi\u010dkih promjena na\u0161li na udaru pojedinaca iz nove vlasti, koji na taj na\u010din \u0161alju jasnu poruku, da na \u010delnim pozicijama u bezbjednosnom sektoru treba da se na\u0111u oni ljudi koji \u0107e zaustaviti ili opstruirati borbu za pravdu, a ne oni koji su je u prethodnom periodu personifikovali&#8221;, zaklju\u010dili su iz GP URA.<\/p>\n<p>&nbsp;<\/p>\n<blockquote class=\"wp-embedded-content\" data-secret=\"jp4yW7cTAD\"><p><a href=\"https:\/\/www.pcnen.com\/portal\/2023\/12\/18\/brdjanin-optuzuje-ura-da-je-zeljela-da-preuzme-potpunu-kontroli-nad-policijom\/\">Br\u0111anin optu\u017euje URA da je \u017eeljela da preuzme potpunu kontroli nad policijom<\/a><\/p><\/blockquote>\n<p><iframe loading=\"lazy\" class=\"wp-embedded-content\" sandbox=\"allow-scripts\" security=\"restricted\" style=\"position: absolute; clip: rect(1px, 1px, 1px, 1px);\" title=\"&#8220;Br\u0111anin optu\u017euje URA da je \u017eeljela da preuzme potpunu kontroli nad policijom&#8221; &#8212; PCNEN\" src=\"https:\/\/www.pcnen.com\/portal\/2023\/12\/18\/brdjanin-optuzuje-ura-da-je-zeljela-da-preuzme-potpunu-kontroli-nad-policijom\/embed\/#?secret=qDqvQk78PI#?secret=jp4yW7cTAD\" data-secret=\"jp4yW7cTAD\" width=\"600\" height=\"338\" frameborder=\"0\" marginwidth=\"0\" marginheight=\"0\" scrolling=\"no\"><\/iframe><\/p>\n","protected":false},"excerpt":{"rendered":"<p>Beskompromisna borba protiv organizovanog kriminala i korupcije bila je na vrhu prioriteta Vlade Dritana Abazovi\u0107a, kao nasu\u0161na potreba na\u0161e dr\u017eave da se otrgne iz kand\u017ei organizovanih kriminalnih grupa koje su se u prethodnim decenijama u potpunosti infiltrirale unutar institucija sistema i u\u010dinile da rade u njihovom interesu, a ne u interesu Crne Gore i njenih [&hellip;]<\/p>\n","protected":false},"author":1,"featured_media":323001,"comment_status":"open","ping_status":"closed","sticky":false,"template":"","format":"standard","meta":{"_seopress_robots_primary_cat":"none","_seopress_titles_title":"","_seopress_titles_desc":"","_seopress_robots_index":"","_et_pb_use_builder":"","_et_pb_old_content":"","_et_gb_content_width":"","inline_featured_image":false,"footnotes":""},"categories":[14],"tags":[],"class_list":["post-388711","post","type-post","status-publish","format-standard","has-post-thumbnail","hentry","category-vijesti"],"_links":{"self":[{"href":"https:\/\/www.pcnen.com\/portal\/wp-json\/wp\/v2\/posts\/388711","targetHints":{"allow":["GET"]}}],"collection":[{"href":"https:\/\/www.pcnen.com\/portal\/wp-json\/wp\/v2\/posts"}],"about":[{"href":"https:\/\/www.pcnen.com\/portal\/wp-json\/wp\/v2\/types\/post"}],"author":[{"embeddable":true,"href":"https:\/\/www.pcnen.com\/portal\/wp-json\/wp\/v2\/users\/1"}],"replies":[{"embeddable":true,"href":"https:\/\/www.pcnen.com\/portal\/wp-json\/wp\/v2\/comments?post=388711"}],"version-history":[{"count":1,"href":"https:\/\/www.pcnen.com\/portal\/wp-json\/wp\/v2\/posts\/388711\/revisions"}],"predecessor-version":[{"id":388714,"href":"https:\/\/www.pcnen.com\/portal\/wp-json\/wp\/v2\/posts\/388711\/revisions\/388714"}],"wp:featuredmedia":[{"embeddable":true,"href":"https:\/\/www.pcnen.com\/portal\/wp-json\/wp\/v2\/media\/323001"}],"wp:attachment":[{"href":"https:\/\/www.pcnen.com\/portal\/wp-json\/wp\/v2\/media?parent=388711"}],"wp:term":[{"taxonomy":"category","embeddable":true,"href":"https:\/\/www.pcnen.com\/portal\/wp-json\/wp\/v2\/categories?post=388711"},{"taxonomy":"post_tag","embeddable":true,"href":"https:\/\/www.pcnen.com\/portal\/wp-json\/wp\/v2\/tags?post=388711"}],"curies":[{"name":"wp","href":"https:\/\/api.w.org\/{rel}","templated":true}]}}