{"id":388702,"date":"2023-12-18T15:14:50","date_gmt":"2023-12-18T14:14:50","guid":{"rendered":"https:\/\/www.pcnen.com\/portal\/?p=388702"},"modified":"2023-12-18T15:14:50","modified_gmt":"2023-12-18T14:14:50","slug":"brdjanin-optuzuje-ura-da-je-zeljela-da-preuzme-potpunu-kontroli-nad-policijom","status":"publish","type":"post","link":"https:\/\/www.pcnen.com\/portal\/2023\/12\/18\/brdjanin-optuzuje-ura-da-je-zeljela-da-preuzme-potpunu-kontroli-nad-policijom\/","title":{"rendered":"Br\u0111anin optu\u017euje URA da je \u017eeljela da preuzme potpunu kontroli nad policijom"},"content":{"rendered":"<p>Direktor Uprave policije (UP) Zoran Br\u0111anin, koji je na tu du\u017enost vra\u0107en odlukom Upravnog suda, optu\u017eio je Gra\u0111anski pokret URA, stranku biv\u0161eg premijera Dritana Abzovi\u0107a i ministra unutra\u0161njih poslova Filipa Ad\u017ei\u0107a, da su \u017eelljeli da preuzme potpunu kontroli nad policijom i da je njegovo suprotstavljanje tome rezultiralo njegovom nezakonitom smjenom..<\/p>\n<p>&#8220;Smetao sam njihovim \u017eeljama da vr\u0161e politi\u010dka zapo\u0161ljavanja i da kao jedan politi\u010dki subjekt preuzmu punu kontrolu nad policijom. Moje odluke su dono\u0161ene u skladu sa zakonom, bez obzira da li se to poklapalo ili ne sa nekim prete\u017enim politi\u010dkim interesom u datom trenutku\u201c, kazao je Br\u0111anin u intervjuu za agenciju Mina, koji <a href=\"https:\/\/rtcg.me\/hronika\/499658\/sprecavao-sam-da-ura-kontrolise-policiju-zato-sam-smijenjen.html\" target=\"_blank\" rel=\"noopener\">prenosi portal RTCG.<\/a><\/p>\n<p>On tvrdi da je izuzetak bio kad je funkciju ministra unutra\u0161njih poslova obavljao Sergej Sekulovi\u0107, za koga je rekao da je u nekim klju\u010dnim momentima donosio odluke koje su i njega skupo ko\u0161tale.<\/p>\n","protected":false},"excerpt":{"rendered":"<p>&#8220;Smetao sam njihovim \u017eeljama da vr\u0161e politi\u010dka zapo\u0161ljavanja i da kao jedan politi\u010dki subjekt preuzmu punu kontrolu nad policijom&#8221;<\/p>\n","protected":false},"author":1,"featured_media":327355,"comment_status":"open","ping_status":"closed","sticky":false,"template":"","format":"standard","meta":{"_seopress_robots_primary_cat":"none","_seopress_titles_title":"","_seopress_titles_desc":"","_seopress_robots_index":"","_et_pb_use_builder":"","_et_pb_old_content":"","_et_gb_content_width":"","inline_featured_image":false,"footnotes":""},"categories":[14],"tags":[889,1583,1729,3602],"class_list":["post-388702","post","type-post","status-publish","format-standard","has-post-thumbnail","hentry","category-vijesti","tag-abazovic","tag-adzic","tag-brdanin","tag-ira"],"_links":{"self":[{"href":"https:\/\/www.pcnen.com\/portal\/wp-json\/wp\/v2\/posts\/388702","targetHints":{"allow":["GET"]}}],"collection":[{"href":"https:\/\/www.pcnen.com\/portal\/wp-json\/wp\/v2\/posts"}],"about":[{"href":"https:\/\/www.pcnen.com\/portal\/wp-json\/wp\/v2\/types\/post"}],"author":[{"embeddable":true,"href":"https:\/\/www.pcnen.com\/portal\/wp-json\/wp\/v2\/users\/1"}],"replies":[{"embeddable":true,"href":"https:\/\/www.pcnen.com\/portal\/wp-json\/wp\/v2\/comments?post=388702"}],"version-history":[{"count":1,"href":"https:\/\/www.pcnen.com\/portal\/wp-json\/wp\/v2\/posts\/388702\/revisions"}],"predecessor-version":[{"id":388705,"href":"https:\/\/www.pcnen.com\/portal\/wp-json\/wp\/v2\/posts\/388702\/revisions\/388705"}],"wp:featuredmedia":[{"embeddable":true,"href":"https:\/\/www.pcnen.com\/portal\/wp-json\/wp\/v2\/media\/327355"}],"wp:attachment":[{"href":"https:\/\/www.pcnen.com\/portal\/wp-json\/wp\/v2\/media?parent=388702"}],"wp:term":[{"taxonomy":"category","embeddable":true,"href":"https:\/\/www.pcnen.com\/portal\/wp-json\/wp\/v2\/categories?post=388702"},{"taxonomy":"post_tag","embeddable":true,"href":"https:\/\/www.pcnen.com\/portal\/wp-json\/wp\/v2\/tags?post=388702"}],"curies":[{"name":"wp","href":"https:\/\/api.w.org\/{rel}","templated":true}]}}