{"id":38863,"date":"2010-10-05T10:28:04","date_gmt":"2010-10-05T10:28:04","guid":{"rendered":"http:\/\/www.pcnen.com\/portal\/?p=38863"},"modified":"2010-10-05T10:28:04","modified_gmt":"2010-10-05T10:28:04","slug":"dusko-saric-darku-je-zivot-ugrozen","status":"publish","type":"post","link":"https:\/\/www.pcnen.com\/portal\/2010\/10\/05\/dusko-saric-darku-je-zivot-ugrozen\/","title":{"rendered":"Du\u0161ko \u0160ari\u0107: Darku je \u017eivot ugro\u017een"},"content":{"rendered":"<p>Darko &Scaron;ari\u0107 iz Pljevalja, koga srpski interpol potra\u017euje zbog &scaron;verca vi&scaron;e od dvije tone kokaina iz Latinske Amerike, ne\u0107e se pojaviti pred Specijalnim sudom u Beogradu zato &scaron;to nije bezbijedan i zato &scaron;to mu je javno presu\u0111eno, rekao je njegov brat Du&scaron;ko za &nbsp;<em>Vijesti.<\/em><\/p>\n<p>&quot;Nadam se da \u0107e do\u0107i vrijeme kada se politi\u010dki poeni (u Srbiji) ne\u0107e otkrivati utrkivanjem u optu\u017ebama protiv mog brata. Sada nije tako vrijeme i zbog toga Darko nije bezbijedan. Mislim da mu je \u017eivot ugro\u017een, javno mu je presu\u0111eno&quot;, rekao je Du&scaron;ko &Scaron;ari\u0107. <\/p>\n<p>Pram njegovim rije\u010dima, svi su se &quot;gurali&quot; da kokain pripi&scaron;u Darku i sada ne\u0107e da dozvole da se do\u0111e do prave istine. &quot;Zato i ne mo\u017ee da se vrati i doka\u017ee da nije kriv&quot;, dodao je on. <\/p>\n<p>&quot;Moj brat se ne boji nikakvih za&scaron;ti\u0107enih svjedoka, nikakvih dokaza, jer je nevin. Boji se samo la\u017ei, prevare, namje&scaron;tenih i montiranih procesa&quot;, rekao je Du&scaron;ko &Scaron;ari\u0107. <\/p>\n<p>On je naveo da ne zna gdje je njegov brat, ali tvrdi da nije u Crnoj Gori. <\/p>\n<p>&quot;Darko se jo&scaron; nijednom nije javio porodici i nemamo kontakt s njim, niti znamo kako je i &scaron;ta radi&quot;, kazao je Du&scaron;ko &Scaron;ari\u0107, navode\u0107i da &scaron;to se ti\u0107e bezbijednosti njegova porodica nije mirna niti se osje\u0107aju sigurnim i bezbijednim. <\/p>\n<p>Direktor Uprave policije Veselin Veljovi\u0107 rekao je ju\u010de u Pljevljima da u ovom trenutku policija nema informacija i podataka da je ugro\u017eena bezbijednost porodice Darka &Scaron;ari\u0107a. <\/p>\n","protected":false},"excerpt":{"rendered":"<p>Darko &Scaron;ari\u0107 iz Pljevalja, koga srpski interpol potra\u017euje zbog &scaron;verca vi&scaron;e od dvije tone kokaina iz Latinske Amerike, ne\u0107e se pojaviti pred Specijalnim sudom u Beogradu zato &scaron;to nije bezbijedan i zato &scaron;to mu je javno presu\u0111eno, rekao je njegov brat Du&scaron;ko za &nbsp;Vijesti. &quot;Nadam se da \u0107e do\u0107i vrijeme kada se politi\u010dki poeni (u [&hellip;]<\/p>\n","protected":false},"author":1,"featured_media":0,"comment_status":"open","ping_status":"closed","sticky":false,"template":"","format":"standard","meta":{"_seopress_robots_primary_cat":"","_seopress_titles_title":"","_seopress_titles_desc":"","_seopress_robots_index":"","_et_pb_use_builder":"","_et_pb_old_content":"","_et_gb_content_width":"","inline_featured_image":false,"footnotes":""},"categories":[14],"tags":[],"class_list":["post-38863","post","type-post","status-publish","format-standard","hentry","category-vijesti"],"_links":{"self":[{"href":"https:\/\/www.pcnen.com\/portal\/wp-json\/wp\/v2\/posts\/38863","targetHints":{"allow":["GET"]}}],"collection":[{"href":"https:\/\/www.pcnen.com\/portal\/wp-json\/wp\/v2\/posts"}],"about":[{"href":"https:\/\/www.pcnen.com\/portal\/wp-json\/wp\/v2\/types\/post"}],"author":[{"embeddable":true,"href":"https:\/\/www.pcnen.com\/portal\/wp-json\/wp\/v2\/users\/1"}],"replies":[{"embeddable":true,"href":"https:\/\/www.pcnen.com\/portal\/wp-json\/wp\/v2\/comments?post=38863"}],"version-history":[{"count":0,"href":"https:\/\/www.pcnen.com\/portal\/wp-json\/wp\/v2\/posts\/38863\/revisions"}],"wp:attachment":[{"href":"https:\/\/www.pcnen.com\/portal\/wp-json\/wp\/v2\/media?parent=38863"}],"wp:term":[{"taxonomy":"category","embeddable":true,"href":"https:\/\/www.pcnen.com\/portal\/wp-json\/wp\/v2\/categories?post=38863"},{"taxonomy":"post_tag","embeddable":true,"href":"https:\/\/www.pcnen.com\/portal\/wp-json\/wp\/v2\/tags?post=38863"}],"curies":[{"name":"wp","href":"https:\/\/api.w.org\/{rel}","templated":true}]}}