{"id":386420,"date":"2023-11-23T18:33:20","date_gmt":"2023-11-23T17:33:20","guid":{"rendered":"https:\/\/www.pcnen.com\/portal\/?p=386420"},"modified":"2023-11-23T18:35:39","modified_gmt":"2023-11-23T17:35:39","slug":"kome-vjerovati-2","status":"publish","type":"post","link":"https:\/\/www.pcnen.com\/portal\/2023\/11\/23\/kome-vjerovati-2\/","title":{"rendered":"Kome vjerovati?"},"content":{"rendered":"<blockquote><p><strong>Pi\u0161e: Omer \u0160ARKI\u0106<\/strong><\/p><\/blockquote>\n<p>Nikad \u010dovje\u010danstvo nije imalo vi\u0161e na\u010dina da se informi\u0161e nego danas, a nikad ljudi nijesu bili vi\u0161e dezinformisani nego sad. Mejnstrim mediji koji imaju najve\u0107i uticaj i mo\u0107 su pod kontrolom osniva\u010da koji su uglavnom povezani sa me\u0111unarodnim centrima mo\u0107i i odlu\u010divanja, u vlasni\u0161tvu krupnog kapitala koji je, opet, povezan sa tim centrima, zavisni od marketinga a najve\u0107i ogla\u0161iva\u010di su upravo vlasnici ekonomske mo\u0107i koja je, po pravilu, u sprezi sa politi\u010dkom. Alternativa mejnstrim, propagandnim medijima su dru\u0161tvene mre\u017ee i platforme. Problem je \u0161to \u00a0na dru\u0161tvenim mre\u017eama, u moru neprovjerenih i la\u017enih informacija, treba biti pravi majstor, imati neka op\u0161ta znanja i logiku kako bi informacijama bombardirani i slu\u0111eni gra\u0111anin mogao makar \u201enamirisati\u201c istinu.<\/p>\n<h4>Saznanje da je sve oko njega dobro pla\u0107ena la\u017e i propaganda, \u010dovjeka mo\u017ee odvesti u dvije krajnosti: radikalizam &#8211; \u010dega se treba \u010duvati &#8211; ili apatiju izazvanu sopstvenom nemo\u0107i da se bori protiv la\u017ei, nekad tako o\u010diglednih da prosto vrije\u0111aju logiku, intelekt i dostojanstvo.<\/h4>\n<p>Na slu\u010daju okupacije i aparthejda koje Izrael decenijama sprovodi nad narodom Palestine,\u00a0 uz punu podr\u0161ku \u201edemokratskih\u201c centara mo\u0107i i navedenih medija, koji sebe, po pravilu, predstavljaju nezavisnim i slobodnim, najbolje se mo\u017ee uo\u010diti ovo o \u010demu pi\u0161em, a kulminacija takve, Gebelsovske propagande, sa\u010dinjene od poluinformacija, poluistina, pre\u0107utkivanja bitnih informacija, dezinformisanja, kulminarala je upravo sada, u masakrima i genocidu koje sprovodi \u00a0Izrael nad Palestincima.<\/p>\n<h3>Mejenstrim mediji \u2013 a u Crnoj Gori \u201enezavisne Vijesti\u201c su najeklatantniji primjer takvih, po ugledu na bratske im (CNN, BBC, Slobodna Evropa&#8230;), o navedenom sukobu izvje\u0161tAvaju po slede\u0107em \u00a0receptu i \u0161ablonu:<\/h3>\n<h3>&#8211; Svaki izvje\u0161taj o sukobu po\u010dinje re\u010denicom \u201eposlije (zvjerskog) napada militantnog Hamasa u kojem je ubijeno preko 1200 civila, Izrael je odgovorio&#8230;\u201c<\/h3>\n<p>Konzument ovako sro\u010dene informacije dobija utisak da je sve po\u010delo tim, ni\u010dim izazvanim napadom \u201emilitantnog Hamasa\u201c protiv (miroljubljivog) Izraela \u201ekoji ima pravo da se brani\u201c. To \u0161to je Palestina pod okupacijom 75 godina, Gaza najve\u0107i kontracioni logor na svijetu, \u0161to je Izrael prekr\u0161io najve\u0107i broj rezolucija UN od svih dr\u017eava na svijetu, kao uvodnu informaciju ni u jednom izvje\u0161taju mejnstrim medija ne\u0107ete na\u0107i, ve\u0107 isklju\u010divo da je sve po\u010delo napadom \u201emilitantnog \u00a0Hamasa\u201c koji je kriv za sve \u0161to se poslije toga doga\u0111alo, \u010dime se opravdavaju i pre\u0107utkuju \u00a0najstra\u0161niji ratni zlo\u010dini sa elementima genocida.<\/p>\n<p>&#8211; \u201eU borbama izraelske vojske protiv militantnog Hamasa, po informacijama palestinskog Ministarstva zdravlja poginulo je X \u00a0Palestinaca\u201c \u2013 je jo\u0161 jedna od propagandnih, \u0161ablonskih \u0161ema ovih medija. Informacija da je \u201emilitantni Hamas\u201c ubio preko 1200 izraelskih civila je nesporna \u010dinjenica, pa nije potrebno navoditi izvor inoformacije, provjeriti je, utvrditi njenu ta\u010dnost. Ali ako izraelska vojska u jednom danu, avionskim bombama i dalekomentnim raketama ubije nekoliko stotina Palestinaca, od kojih su ve\u0107ina \u017eene i djeca, onda se obavezno navede izvor, a to je, jelte, \u00a0nepouzdano palestinsko Ministarstvo zdravlja, \u010dime se konzumentu informacije sugeri\u0161e da taj broj treba uzeti sa rezervom.<\/p>\n<p>Ipak, uprkos ogromnom propagandnom trudu, ni mejnstrim mediji ne mogu sakriti o\u010digledno, da u izraelskom \u201epravu na odgovor\u201c stradaju skoro isklju\u010divo civili &#8211; najvi\u0161e \u017eene i djeca &#8211; te da Izrael, uprkos svoj svojoj vojno-tehnolo\u0161koj nadmo\u0107i i superiornosti, nije izmislio bombe i rakete koje pronalaze i ubijaju borce Hamasa, ve\u0107 kao sve bombe i rakete ba\u010dene na naselja ubijaju isklju\u010divo \u00a0civile. Ako je to tako \u2013 a jeste, da li je to borba izme\u0111u \u201emilitanrnog Hamasa\u201c i Izraela, ili ratni zlo\u010din i genocid militantnog Izraela protiv okupiranog stanovni\u0161tva u svojevrsnom zatvoru? Je li u pitanju dr\u017eavni terorizam militantnog Izraela, bjesomu\u010dno ubijanje okupiranih civila u najve\u0107em zatvoru na svijetu, kakav je Gaza, od strane nemilosrdnog okupatora? Ako jeste \u2013 a jeste,\u00a0 ko je tu teorista a ko \u017ertva? Nijedan mejnstim medij u uvodu svog izvje\u0161taje ne\u0107e re\u0107i: Izrael je okupator koji sprovodi dr\u017eavni terorizam, ve\u0107 \u0107e stalno i u svakom izvje\u0161taju ponavljati mantru o \u201emilitantnom, teroristi\u010dkom Hamasu\u201c. Nikada ne\u0107e javno postaviti ni pitanje koji terorizam je opasniji i ubita\u010dniji: terorizam organizovanih grupa, \u010dije oru\u017eje je manufakturne proizvodnje, ili organizovani terorizam dr\u017eave koja je me\u0111u najbolje naorua\u017eanim na svijetu? Kakvo je to pravo na odbranu okupatora, a oru\u017eani otpor protiv okupatora nije dozvoljen nego je militarizam i terorizam? Po kojem je to me\u0111unarodnom pravu, osim po pravu koje propagiraju mejnstim mediji, to jest oni u \u010dijem interesu su osnovani?<\/p>\n<p>U svemu ovome nije zgoreg napomenuti da u napadu Hamasa na Izrael ve\u0107ina \u017ertava jesu bili civili, ali je me\u0111u tim \u017ertvama i odre\u0111eni broj izraelskih vojnika, policajaca i drugih pripadnika sigurnosnih snaga, to jest da nijesu sve \u017ertve bili civili &#8211; kako nam mejnstrim mediji, kao jedinu istinu, predstavljaju. Po nekim, neprovjerenim izvje\u0161tajima alternativnih medija, nekoliko stotina \u017ertava tog napada su bili pripadnici vojske i drugih sigurnosnih snaga Izraela. Zatim, po tako\u0111e neprovjerenim i nepotvr\u0111enim informacijama, ne mali broj ubijenih civila stradao je od \u201eprijateljske vatre\u201c.<\/p>\n<h4>Na drugoj strani, u sukobu Izraela\u00a0 i \u201emilitantnog Hamasa\u201c uop\u0161te se ne zna da li je i koliko ubijeno boraca Hamasa, a \u010dini se, uprkos svoj propagandi, da su civili, \u017eena i djeca skoro isklju\u010dive \u017ertve izraelskog \u201eprava na odgovor i samoodbranu\u201c, te da se broj ubijenih boraca Hamasa u odnosu na broj ubijenih civila mo\u017ee mjeriti promilima.<\/h4>\n<p>Kada ne mogu sakriti o\u010digledno, mejnstrim mediji prelaze na drugu fazu propagande: \u017ertve na okupiranoj strani prika\u017eu kao puki broj, ljude bez pro\u0161losti, sudbine i \u017eivotnih pri\u010da, za razliku od \u017ertava na strani okupatora &#8211; jer su one mnogostruko manje \u2013 i upravo zbog toga. Navedeni mediji to rade tako \u0161to \u0107e prenijeti potresne pri\u010de o ubijenim \u00a0civilima na izraelskoj strani, uz pri\u010du o &#8211; i sa njihovim porodicima (prelistati izvje\u0161taje \u201eVijesti\u201c \u2013 moja primjedba). Potro\u0161a\u010d (jer za ove medije je konzunment informacije samo potro\u0161a\u010d), normalno, biva potre\u0161en tragikom, zaboravljaju\u0107i (\u0161to je i cilj ovakvog izvje\u0161tavanja) da je na dugoj strani, hiljade sli\u010dnih pri\u010da, jer svaka \u017ertva rata, pogotovo civilna, tragi\u010dna je pri\u010da za sebe, ali te pri\u010de, druge strane, mejnstrim mediji ne prenose i ne\u0107e prenijeti.<\/p>\n<p>Ako na dru\u0161tvenim mre\u017eama i platformama \u017eelite da pro\u010ditate \u0161ta o navedenom sukobu pi\u0161e, kako izvje\u0161tavaju i na njega gledaju drugi mejnstrim mediji, poput RT na primjer, platfoma Meta \u0107e vas u zaglavlju upozoriti da je RT medij pod kontrolom dr\u017eave Rusije, \u0161to valjda zna\u010di da je nepouzdan, da vjerovatno \u0161iri la\u017ei, da nije preporu\u010dljivo \u010ditati ih. \u00a0Za informacije na platformi koje plasira radio \u201eSlobodna Evropa\u201c, Meta vas, normalno, ne\u0107e upozoriti da je to medij pod kontrolom SAD, jer su mediji pod kontrolom SAD valjda jedini pouzdani, izvje\u0161tavaju samo objektivno i istinito!?<\/p>\n<p>Jedno od osnovnih parvila u novinarstvu &#8211; bar na papiru &#8211; jeste da o svemu o \u010demu se izvje\u0161tava treba uzeti mi\u0161ljenje obje strane, konsultovati i prenijeti vi\u0161e izvora. Konzumentima informacija u \u201edemokratskom svijetu\u201c se to, vidimo, ne preporu\u010duje, jer jedino njihovi mediji prenose istinu (Orvel 2023), a sve druge i druga\u010dije informacije mogu biti opasne po konzumenta! Zar to ne li\u010di onim vjernicima koji ne preispituju svoju vjeru, niti dozvoljavaju da je bilo ko preispituje, tvrde\u0107i da su jedino njihova vjera i Bog pravi, te da je svako preispitivanje njihove istine bogohuljenje? Da apsurd bude kompletniji, ve\u0107ina glavnih konzumenata i javnih branitelja mejnstrim medija su ateisti koji se vole sprdati vjernicima, njihovom nepokolobljivom vjerovanju u ispravnost samo njihove vjere, njihovog Boga, njihove istine.<\/p>\n<blockquote><p>P.S. Upravo kada sam zavr\u0161io pisanje teksta, objavljena je slede\u0107a informacija: Evropska unija privremeno prestaje da se reklamira na dru\u0161tvenoj mre\u017ei X. Razlog je pove\u0107ana koli\u010dina govora mr\u017enje i dezinformacija na njoj!<\/p><\/blockquote>\n","protected":false},"excerpt":{"rendered":"<p>Saznanje da je sve oko njega dobro pla\u0107ena la\u017e i propaganda, \u010dovjeka mo\u017ee odvesti u dvije krajnosti: radikalizam &#8211; \u010dega se treba \u010duvati &#8211; ili apatiju izazvanu sopstvenom nemo\u0107i da se bori protiv la\u017ei, nekad tako o\u010diglednih da prosto vrije\u0111aju logiku, intelekt i dostojanstvo<\/p>\n","protected":false},"author":12,"featured_media":382636,"comment_status":"open","ping_status":"closed","sticky":false,"template":"","format":"standard","meta":{"_seopress_robots_primary_cat":"none","_seopress_titles_title":"","_seopress_titles_desc":"","_seopress_robots_index":"","_et_pb_use_builder":"","_et_pb_old_content":"","_et_gb_content_width":"","inline_featured_image":false,"footnotes":""},"categories":[17],"tags":[],"class_list":["post-386420","post","type-post","status-publish","format-standard","has-post-thumbnail","hentry","category-blogovi"],"_links":{"self":[{"href":"https:\/\/www.pcnen.com\/portal\/wp-json\/wp\/v2\/posts\/386420","targetHints":{"allow":["GET"]}}],"collection":[{"href":"https:\/\/www.pcnen.com\/portal\/wp-json\/wp\/v2\/posts"}],"about":[{"href":"https:\/\/www.pcnen.com\/portal\/wp-json\/wp\/v2\/types\/post"}],"author":[{"embeddable":true,"href":"https:\/\/www.pcnen.com\/portal\/wp-json\/wp\/v2\/users\/12"}],"replies":[{"embeddable":true,"href":"https:\/\/www.pcnen.com\/portal\/wp-json\/wp\/v2\/comments?post=386420"}],"version-history":[{"count":4,"href":"https:\/\/www.pcnen.com\/portal\/wp-json\/wp\/v2\/posts\/386420\/revisions"}],"predecessor-version":[{"id":386428,"href":"https:\/\/www.pcnen.com\/portal\/wp-json\/wp\/v2\/posts\/386420\/revisions\/386428"}],"wp:featuredmedia":[{"embeddable":true,"href":"https:\/\/www.pcnen.com\/portal\/wp-json\/wp\/v2\/media\/382636"}],"wp:attachment":[{"href":"https:\/\/www.pcnen.com\/portal\/wp-json\/wp\/v2\/media?parent=386420"}],"wp:term":[{"taxonomy":"category","embeddable":true,"href":"https:\/\/www.pcnen.com\/portal\/wp-json\/wp\/v2\/categories?post=386420"},{"taxonomy":"post_tag","embeddable":true,"href":"https:\/\/www.pcnen.com\/portal\/wp-json\/wp\/v2\/tags?post=386420"}],"curies":[{"name":"wp","href":"https:\/\/api.w.org\/{rel}","templated":true}]}}