{"id":386214,"date":"2023-11-21T16:37:47","date_gmt":"2023-11-21T15:37:47","guid":{"rendered":"https:\/\/www.pcnen.com\/portal\/?p=386214"},"modified":"2023-11-21T16:37:47","modified_gmt":"2023-11-21T15:37:47","slug":"savic-predlozio-da-se-utvrdi-odgovornost-mugose","status":"publish","type":"post","link":"https:\/\/www.pcnen.com\/portal\/2023\/11\/21\/savic-predlozio-da-se-utvrdi-odgovornost-mugose\/","title":{"rendered":"Savi\u0107 predlo\u017eio da se utvrdi odgovornost Mugo\u0161e"},"content":{"rendered":"<p>Predsjednica Sudskog savjeta Vesna Simovi\u0107-Zvicer rekla je Radiju Crne Gore da je Savjetu dostavljen predlog od strane predsjednika Vi\u0161eg suda Borisa Savi\u0107a da se utvrdi disciplinska odgovornost Suzane Mugo\u0161e.<\/p>\n<p>\u201cPredsjednik Vi\u0161eg suda Boris Savi\u0107 je naveo u obrazlo\u017eenju predloga da postoji osnovana sumnja da je Suzana Mugo\u0161a izvr\u0161ila disciplinski prekr\u0161aj u smislu \u010dlana 110 i 111 Zakona o Sudskom savjetu. Savi\u0107 navodi u obrazlo\u017eenju da su izjave Mugo\u0161e koje su prenijeli mediji neprimjerene sudijskoj funkciji, da nisu dostojne sudije\u201d, naglasila je Simovi\u0107-Zvicer.<\/p>\n<p>Simovi\u0107-Zvicer obja\u0161njava da je dalja procedura da se predlog dostavlja disciplinskom tu\u017eiocu koji \u0107e odlu\u010diti ho\u0107e li biti pokrenut disciplinski postupak protiv Suzane Mugo\u0161e.<\/p>\n<p>Specijalno dr\u017eavno tu\u017eila\u0161tvo (SDT) treba da utvrdi sve \u010dinjenice i okolnosti oko dono\u0161enja prvostepene i drugostepene odluke u slu\u010daju \u201cdr\u017eavni udar\u201d, kazala je\u00a0 ju\u010de sutkinja Vi\u0161eg suda Suzana Mugo\u0161a, navode\u0107i da je uvjerena da je odluka Apelacionog suda kupljena.<\/p>\n<p>Iz Apelacionog studa ocijenili su danas da je izjava Mugo\u0161e neprimjerena i pozvali SDT da ispita navode.<\/p>\n<blockquote class=\"wp-embedded-content\" data-secret=\"GENy28SLQh\"><p><a href=\"https:\/\/www.pcnen.com\/portal\/2023\/11\/21\/apelacioni-sud-reagovao-na-izjavu-sutkinje-mugose\/\">Apelacioni sud reagovao na izjavu sutkinje Mugo\u0161e<\/a><\/p><\/blockquote>\n<p><iframe loading=\"lazy\" class=\"wp-embedded-content\" sandbox=\"allow-scripts\" security=\"restricted\" style=\"position: absolute; clip: rect(1px, 1px, 1px, 1px);\" title=\"&#8220;Apelacioni sud reagovao na izjavu sutkinje Mugo\u0161e&#8221; &#8212; PCNEN\" src=\"https:\/\/www.pcnen.com\/portal\/2023\/11\/21\/apelacioni-sud-reagovao-na-izjavu-sutkinje-mugose\/embed\/#?secret=UuPb2hIeqz#?secret=GENy28SLQh\" data-secret=\"GENy28SLQh\" width=\"600\" height=\"338\" frameborder=\"0\" marginwidth=\"0\" marginheight=\"0\" scrolling=\"no\"><\/iframe><\/p>\n","protected":false},"excerpt":{"rendered":"<p>Predsjednica Sudskog savjeta Vesna Simovi\u0107-Zvicer rekla je Radiju Crne Gore da je Savjetu dostavljen predlog od strane predsjednika Vi\u0161eg suda Borisa Savi\u0107a da se utvrdi disciplinska odgovornost Suzane Mugo\u0161e.<\/p>\n","protected":false},"author":1,"featured_media":379335,"comment_status":"open","ping_status":"closed","sticky":false,"template":"","format":"standard","meta":{"_seopress_robots_primary_cat":"none","_seopress_titles_title":"","_seopress_titles_desc":"","_seopress_robots_index":"","_et_pb_use_builder":"","_et_pb_old_content":"","_et_gb_content_width":"","inline_featured_image":false,"footnotes":""},"categories":[14],"tags":[],"class_list":["post-386214","post","type-post","status-publish","format-standard","has-post-thumbnail","hentry","category-vijesti"],"_links":{"self":[{"href":"https:\/\/www.pcnen.com\/portal\/wp-json\/wp\/v2\/posts\/386214","targetHints":{"allow":["GET"]}}],"collection":[{"href":"https:\/\/www.pcnen.com\/portal\/wp-json\/wp\/v2\/posts"}],"about":[{"href":"https:\/\/www.pcnen.com\/portal\/wp-json\/wp\/v2\/types\/post"}],"author":[{"embeddable":true,"href":"https:\/\/www.pcnen.com\/portal\/wp-json\/wp\/v2\/users\/1"}],"replies":[{"embeddable":true,"href":"https:\/\/www.pcnen.com\/portal\/wp-json\/wp\/v2\/comments?post=386214"}],"version-history":[{"count":1,"href":"https:\/\/www.pcnen.com\/portal\/wp-json\/wp\/v2\/posts\/386214\/revisions"}],"predecessor-version":[{"id":386217,"href":"https:\/\/www.pcnen.com\/portal\/wp-json\/wp\/v2\/posts\/386214\/revisions\/386217"}],"wp:featuredmedia":[{"embeddable":true,"href":"https:\/\/www.pcnen.com\/portal\/wp-json\/wp\/v2\/media\/379335"}],"wp:attachment":[{"href":"https:\/\/www.pcnen.com\/portal\/wp-json\/wp\/v2\/media?parent=386214"}],"wp:term":[{"taxonomy":"category","embeddable":true,"href":"https:\/\/www.pcnen.com\/portal\/wp-json\/wp\/v2\/categories?post=386214"},{"taxonomy":"post_tag","embeddable":true,"href":"https:\/\/www.pcnen.com\/portal\/wp-json\/wp\/v2\/tags?post=386214"}],"curies":[{"name":"wp","href":"https:\/\/api.w.org\/{rel}","templated":true}]}}