{"id":383364,"date":"2023-10-23T12:15:59","date_gmt":"2023-10-23T10:15:59","guid":{"rendered":"https:\/\/www.pcnen.com\/portal\/?p=383364"},"modified":"2023-10-23T12:15:59","modified_gmt":"2023-10-23T10:15:59","slug":"kurti-optuzuje-novosadski-klan-za-desavanja-u-banjskoj","status":"publish","type":"post","link":"https:\/\/www.pcnen.com\/portal\/2023\/10\/23\/kurti-optuzuje-novosadski-klan-za-desavanja-u-banjskoj\/","title":{"rendered":"Kurti optu\u017euje &#8216;novosadski klan&#8217; za de\u0161avanja u Banjskoj"},"content":{"rendered":"<p>Premijer Kosova Aljbin Kurti izjavio je danas da iza napada u Banjskoj, koji je nazvao &#8220;paravojnim i teroristi\u010dkim&#8221;, stoji &#8220;novosadski klan&#8221; na \u010dijem je \u010delu ministar odbrane Srbije Milo\u0161 Vu\u010devi\u0107&#8221;.<\/p>\n<p>&#8220;On je predsjednik vladaju\u0107e Srpske napredne stranke (SNS), tri puta je biran za gradona\u010delnika Novog Sada uz pomo\u0107 Zvonka Veselinovi\u0107a i najbli\u017ei je prijatelj brata predsjednika Srbije Andreja Vu\u010dic\u0301a&#8221;, napisao je Kurti na fejsbuku, prenosi Beta.<\/p>\n<p>Kurti je dodao da je u vrijeme napada 24. septembra u manastiru Banjska bilo 40 pravoslavnih hodo\u010dasnika ba\u0161 iz Novog Sada i da bi istraga trebalo da poka\u017ee da li je to slu\u010dajno.<\/p>\n<p>&#8220;Teroristi\u010dka grupa u bjekstvu koju predvodi Milan Radoi\u010dic\u0301 boravi u Ra\u0161ki. Zloglasni MUP Srbije dao im je bijele i crne automobile tipa \u0160koda oktavija registarskih oznaka BG i NS&#8221;, napisao je Kurti.<\/p>\n<p>Dodao je da je prije dvije decenije zemunski klan vladao Srbijom, a sada je njegovo mjesto zauzeo novosadski klan.<\/p>\n<p>Kurti je rekao da u \u010detiri op\u0161tine na sjeveru Kosova vlada &#8220;teror, kriminal i kultura nasilja&#8221; i za to optu\u017eio &#8220;paravojsku navija\u010da Crvene zvezde&#8221;.<\/p>\n<p>&#8220;Po\u0161to Kosovo nema jurisdikciju u Srbiji, zar EU i SAD ne bi trebalo da formiraju Specijalni sud za novosadski klan? Balkanska mafija bi do\u017eivjela kobni udarac, dok bi region Balkana bio potpuno otvoren za evropsku demokratiju, pravnu dr\u017eavu, trajni mir i ubrzani razvoj&#8221;, naveo je on.<\/p>\n<p><iframe loading=\"lazy\" style=\"border: none; overflow: hidden;\" src=\"https:\/\/www.facebook.com\/plugins\/post.php?href=https%3A%2F%2Fwww.facebook.com%2Falbini2017%2Fposts%2Fpfbid031gEB7cnNL64pzgKxR6YUPGDTwnD7FFJ71yLSw8GYh9y3H5j2fSFh6zzCQC2ArpC2l&amp;show_text=true&amp;width=500\" width=\"500\" height=\"297\" frameborder=\"0\" scrolling=\"no\" allowfullscreen=\"allowfullscreen\"><\/iframe><\/p>\n<p><a href=\"https:\/\/www.pcnen.com\/portal\/?s=Banjskoj\" target=\"_blank\" rel=\"noopener\">VEZANE VIJESTI<\/a><\/p>\n","protected":false},"excerpt":{"rendered":"<p>Premijer Kosova Aljbin Kurti izjavio je danas da iza napada u Banjskoj, koji je nazvao &#8220;paravojnim i teroristi\u010dkim&#8221;, stoji &#8220;novosadski klan&#8221; na \u010dijem je \u010delu ministar odbrane Srbije Milo\u0161 Vu\u010devi\u0107&#8221;. &#8220;On je predsjednik vladaju\u0107e Srpske napredne stranke (SNS), tri puta je biran za gradona\u010delnika Novog Sada uz pomo\u0107 Zvonka Veselinovi\u0107a i najbli\u017ei je prijatelj brata [&hellip;]<\/p>\n","protected":false},"author":1,"featured_media":355405,"comment_status":"open","ping_status":"closed","sticky":false,"template":"","format":"standard","meta":{"_seopress_robots_primary_cat":"none","_seopress_titles_title":"","_seopress_titles_desc":"","_seopress_robots_index":"","_et_pb_use_builder":"","_et_pb_old_content":"","_et_gb_content_width":"","inline_featured_image":false,"footnotes":""},"categories":[14],"tags":[],"class_list":["post-383364","post","type-post","status-publish","format-standard","has-post-thumbnail","hentry","category-vijesti"],"_links":{"self":[{"href":"https:\/\/www.pcnen.com\/portal\/wp-json\/wp\/v2\/posts\/383364","targetHints":{"allow":["GET"]}}],"collection":[{"href":"https:\/\/www.pcnen.com\/portal\/wp-json\/wp\/v2\/posts"}],"about":[{"href":"https:\/\/www.pcnen.com\/portal\/wp-json\/wp\/v2\/types\/post"}],"author":[{"embeddable":true,"href":"https:\/\/www.pcnen.com\/portal\/wp-json\/wp\/v2\/users\/1"}],"replies":[{"embeddable":true,"href":"https:\/\/www.pcnen.com\/portal\/wp-json\/wp\/v2\/comments?post=383364"}],"version-history":[{"count":1,"href":"https:\/\/www.pcnen.com\/portal\/wp-json\/wp\/v2\/posts\/383364\/revisions"}],"predecessor-version":[{"id":383367,"href":"https:\/\/www.pcnen.com\/portal\/wp-json\/wp\/v2\/posts\/383364\/revisions\/383367"}],"wp:featuredmedia":[{"embeddable":true,"href":"https:\/\/www.pcnen.com\/portal\/wp-json\/wp\/v2\/media\/355405"}],"wp:attachment":[{"href":"https:\/\/www.pcnen.com\/portal\/wp-json\/wp\/v2\/media?parent=383364"}],"wp:term":[{"taxonomy":"category","embeddable":true,"href":"https:\/\/www.pcnen.com\/portal\/wp-json\/wp\/v2\/categories?post=383364"},{"taxonomy":"post_tag","embeddable":true,"href":"https:\/\/www.pcnen.com\/portal\/wp-json\/wp\/v2\/tags?post=383364"}],"curies":[{"name":"wp","href":"https:\/\/api.w.org\/{rel}","templated":true}]}}