{"id":382631,"date":"2023-10-16T13:59:48","date_gmt":"2023-10-16T11:59:48","guid":{"rendered":"https:\/\/www.pcnen.com\/portal\/?p=382631"},"modified":"2023-10-16T14:19:42","modified_gmt":"2023-10-16T12:19:42","slug":"konacno-rjesenje","status":"publish","type":"post","link":"https:\/\/www.pcnen.com\/portal\/2023\/10\/16\/konacno-rjesenje\/","title":{"rendered":"Kona\u010dno rje\u0161enje"},"content":{"rendered":"<blockquote><p><strong>Pi\u0161e: Omer \u0160ARKI\u0106<\/strong><\/p><\/blockquote>\n<p>Na polumaturi, sa jo\u0161 nenapunjenih 14 godina, obi\u0161ao sam spomen dom Jasenovac. Sje\u0107am se, kao da je ju\u010de bilo, neke niske i sumorne obla\u010dnosti, sitne ki\u0161e, jeze koja me obuzela dok smo u pratnji kustosa obilazili to mjesto genocida i najstra\u0161nijih stradanja Srba, Jevreja, Roma, antifa\u0161ista. Ono \u0161to sam tada vidio i \u010duo, bilo mi je prosto nepojmljivo. Nikako nijesam mogao shvatiti kako su takva zvjerstva ljudi mogli \u010diniti drugim ljudima. Dugo poslije toga sam imao no\u0107ne more sa slikama u\u017easa koji sam tamo vidio.<\/p>\n<p>Kada sam jo\u0161 malo odrastao, po\u010dele su da me interesuju istorijske teme, Drugi svjetski rat posebno. Mrzio sam sve Njemce (\u0161to nije dobro) zato jer su bili nacisti, \u0161to su poku\u0161ali da porobe cijeli svijet. Mr\u017enja se vi\u0161e poja\u010davala i produbljivala \u0161to sam se vi\u0161e upoznavao sa zvjerstima, progonom, istrebljenjem i genocidom koji su vr\u0161ili nad Jevrejima. Najvi\u0161e sam \u010ditao o tome, gledao sve filmove (i danas ih gledam) koji su se bavili temom holokausta &#8211; namjere nacista da ih poptuno istrijebe kroz tzv. \u201ekona\u010dno rje\u0161enje\u201c. Nivo te okrutnosti, zvjerstava i bezdu\u0161nosti nikako mi nije bio jasan \u2013 ni danas nije. Postavljao sam sebi hiljade pitanja, a me\u0111u glavnim su bila: za\u0161to Jevreji nijesu poku\u0161ali da pru\u017ee oru\u017eani otpor kada su bili svjesni da \u0107e svakako biti zvijerski ubijeni ili ugu\u0161eni u plinskim komorama? Za\u0161to niko nije htio da im pomogne i prihvati ih dok su bje\u017eali i mogli da bje\u017ee od sigurne smrti iz nacisti\u010dke Njema\u010dke i zemalja &#8216;osovine&#8217;?<\/p>\n<p>Za pobunu i oru\u017eani otpor u Var\u0161avkom getu doznao sam tek kasnije. \u010citao o tome, tako\u0111e gledao filmove i, dok bih ih gledao, nemo\u0107no i u gr\u010du bih navijao da jevrejski zatvorenici u getu nekako\u00a0 pobijede, iako sam znao epilog: da \u0107e Njemci prakti\u010dno goloruke Jevreje na kraju, sa svim svojim naoru\u017eanjem, tenkovima, oklopnim vozilima, baca\u010dima plamena, masakrirati, sve pobiti. Radovao sam se svakoj smrti njema\u010dkog vojnika u toj neravnopranoj borbi, divio se hrabrosti gololrukih zato\u010denika protiv bezdu\u0161ne sile kakva je bila njema\u010dka vojska. Uprkos ishodu koji mi je bio istorijski poznat, stalno bih strijepio ispred bioskopsko platna ili TV ekrana, dok gledam scene pakla, topovsko-tenkovskog razaranja zgrada i ku\u0107a iz kojih su pru\u017eali otpor, spaljivanja od baca\u010da plamena. Navijao bih da makar izdr\u017ee \u0161to du\u017ee u toj borbi bez ikakve \u0161anse, borbi u kojoj su zatvorenici geta izabrali smrt \u2013 koja ih je svakako \u010dekala, ali brzu i \u010dasnu smrt.<\/p>\n<p><img loading=\"lazy\" decoding=\"async\" class=\"aligncenter size-full wp-image-382638\" src=\"https:\/\/www.pcnen.com\/portal\/wp-content\/uploads\/2023\/10\/Vrasavski-geto.jpg\" alt=\"\" width=\"700\" height=\"464\" srcset=\"https:\/\/www.pcnen.com\/portal\/wp-content\/uploads\/2023\/10\/Vrasavski-geto.jpg 700w, https:\/\/www.pcnen.com\/portal\/wp-content\/uploads\/2023\/10\/Vrasavski-geto-480x318.jpg 480w\" sizes=\"(min-width: 0px) and (max-width: 480px) 480px, (min-width: 481px) 700px, 100vw\" \/><\/p>\n<p>Osmadeset godina poslije pobune Jevreja u Var\u0161avskom getu, desila se pobuna u getu zvanom Gaza. U ovoj pobuni, istorijskom ironijom, Palestinci su postali nekada\u0161nji Jevreji, a Jevreji onda\u0161nji nacisti. Kao u Var\u0161avskom getu nekad, Gaza je ovovremeni geto opasan zidinama iz koga Plaestinci ne mogu iza\u0107i bez ausvajsa, gdje im se decenijama dozirano dotura hrana, elektri\u010dna energija, voda; gdje okupator sa oklopnim vozilama i nesrazmjernom silom mo\u017ee u\u0107i kada ho\u0107e, raditi \u0161to \u017eeli i ho\u0107e; ubijati, zatvarati, protjerati, \u0161ikanirati, uzeti ku\u0107u i imanje okupiranim Palestincima. Prozori na ku\u0107ama i zgradama u Gazi doista nijesu zazidani kao \u0161to su to bili u Var\u0161avskom getu, ali je gustina naseljenosti sli\u010dna, uslovi za \u017eivot gori od \u010dasne smrti \u2013 sli\u010dni onim u Var\u0161avskom getu.\u00a0 Perspektiva im je tako\u0111e sli\u010dna. Stanovnici Gaze dobro znaju da je pitanje trenutka kada \u0107e i iz nje biti protjerani, etni\u010dki o\u010di\u0161\u0107eni, a da \u0107e do tog trenutka svakodnevno biti izlo\u017eeni zastra\u0161ivanjima, torturi, premla\u0107ivanjima, poni\u017eavanjima, otima\u010di, ubijanjima. U tom bezna\u0111u, podigli su jo\u0161 jedan ustanak osu\u0111en na propast, goloruki kao onomad Jevreji, protiv vojne sile i tehnike koja je neuporedivo ve\u0107a, nesrazmjernija \u010dak nego ona pri pobuni u Vra\u0161avskom getu.<\/p>\n<p>Savjest mi nala\u017ee da takav ustanak svim srce podr\u017eim. Gr\u010devito navijam za njegov uspjeh, iako sam duboko svjestan da \u0107e epilog biti sli\u010dan onoj pobuni i oru\u017eanom ustanku Jevreja\u00a0 u Var\u0161avskom getu: bi\u0107e pobijeni i protjerani, Gaza \u0107e biti etni\u010dki o\u010di\u0161\u0107ena.<\/p>\n<p>Izrael decenijama sprovodi \u201ekona\u010dno rje\u0161enje\u201c nad Palestincima, kao onda \u0161to su Njemci sprovodili nad Jevrejima; trenutna de\u0161avanja su jedna od zavr\u0161nih faza.<\/p>\n<p><img loading=\"lazy\" decoding=\"async\" class=\"aligncenter size-full wp-image-382639\" src=\"https:\/\/www.pcnen.com\/portal\/wp-content\/uploads\/2023\/10\/Gaza-2.jpg\" alt=\"\" width=\"1170\" height=\"650\" srcset=\"https:\/\/www.pcnen.com\/portal\/wp-content\/uploads\/2023\/10\/Gaza-2.jpg 1170w, https:\/\/www.pcnen.com\/portal\/wp-content\/uploads\/2023\/10\/Gaza-2-980x544.jpg 980w, https:\/\/www.pcnen.com\/portal\/wp-content\/uploads\/2023\/10\/Gaza-2-480x267.jpg 480w\" sizes=\"(min-width: 0px) and (max-width: 480px) 480px, (min-width: 481px) and (max-width: 980px) 980px, (min-width: 981px) 1170px, 100vw\" \/><\/p>\n<p>Palestinci nijesu ljudi ve\u0107 \u017eivotinje \u2013 izjavljuju najve\u0107i izraelski zvani\u010dnici &#8211; isto \u0161to su Njemci decenijama ranije govorili za Jevreje.<\/p>\n<p>Za vrijeme sprovo\u0111enja \u201ekona\u010dnog rje\u0161enja\u201c nad Jevrejima, kolektivni Zapad se pravio mrtav &#8211; da ne zna (iako je znao) za postojanje konc-logora i geta, prevashodno napravljenim za\u00a0 istrebljenje Jevreja. Za razliku od onomad, ovo kona\u010dno rje\u0161enje koje se upravo doga\u0111a ima podr\u0161ku kolektivnog Zapada kao marionete SAD. A SAD, ta najve\u0107a demokratija na svijetu, to \u201ecarstvo demokratije\u201c koje se \u201eubi\u201c\u00a0 od promovisanja pravde i ljudskih prava, javno nudi vojnu pomo\u0107 Izraelu u sprovo\u0111enju \u201ekona\u010dnog rje\u0161enja\u201c nad Palestincima. Izraelu, \u010dija je vono-tehni\u010dka nadmo\u0107 \u010dak proporcionalno ve\u0107a od nadmo\u0107i koju su onomad imali Njemci, dok su ru\u0161e\u0107i sve pred sobom u krvi gu\u0161ili pobunu Jevreja u Var\u0161avskom getu.<\/p>\n<p><img loading=\"lazy\" decoding=\"async\" class=\"aligncenter size-full wp-image-382640\" src=\"https:\/\/www.pcnen.com\/portal\/wp-content\/uploads\/2023\/10\/Gaza-2-2.jpg\" alt=\"\" width=\"1170\" height=\"650\" srcset=\"https:\/\/www.pcnen.com\/portal\/wp-content\/uploads\/2023\/10\/Gaza-2-2.jpg 1170w, https:\/\/www.pcnen.com\/portal\/wp-content\/uploads\/2023\/10\/Gaza-2-2-980x544.jpg 980w, https:\/\/www.pcnen.com\/portal\/wp-content\/uploads\/2023\/10\/Gaza-2-2-480x267.jpg 480w\" sizes=\"(min-width: 0px) and (max-width: 480px) 480px, (min-width: 481px) and (max-width: 980px) 980px, (min-width: 981px) 1170px, 100vw\" \/><\/p>\n<p>Kao \u010dovjek, stidim se licemjernosti savremenog \u010dovje\u010danstva, vrlih \u201edemokratija\u201c i \u201edemokrata\u201c koja podr\u017eavaju\u201ekona\u010dna rje\u0161enja\u201c u vidu etni\u010dkog \u010di\u0161\u0107enja i iskorjenjivanja bilo kog naroda, u ovom slu\u010daju palestinskog. O\u010diglednost ne mogu sakriti ni svi upregnuti mejnstrim mediji, pla\u0107eni ili samocenzurisani novinari, NVO \u0107uta\u010di, zajedno sa svojim nalogodavcima koji se nalaze u najve\u0107im centrima odlu\u010divanja i mo\u0107i.<\/p>\n<p>Nemojte se poslije nekog vremena pravdati kako nijeste znali \u0161to se doga\u0111a i \u0161to \u0107e se desiti. Izabrali ste da \u0107utite, \u010dak podr\u017eite \u201ekona\u010dno rje\u0161enje\u201c. Izme\u0111u empatije i pravde na jednoj strani, te trenutnog komfora na drugoj, izabrali ste komfor \u0107utnje ili \u010dak podr\u0161ke ratnom zlo\u010dinu najgore vrste, svjesni da ako progovorite i dignete svoj glas, zamjeri\u0107ete se najmo\u0107nijima, rizikuju\u0107i, \u0161to? \u2013 svoj trenutni komfor, na u\u0161trb prava, pravde, ljudskosti prije svega.<\/p>\n","protected":false},"excerpt":{"rendered":"<p>Kao \u010dovjek, stidim se licemjernosti savremenog \u010dovje\u010danstva, vrlih \u201edemokratija\u201c i \u201edemokrata\u201c koja podr\u017eavaju\u201ekona\u010dna rje\u0161enja\u201c u vidu etni\u010dkog \u010di\u0161\u0107enja i iskorjenjivanja bilo kog naroda, u ovom slu\u010daju palestinskog<\/p>\n","protected":false},"author":12,"featured_media":382640,"comment_status":"open","ping_status":"closed","sticky":false,"template":"","format":"standard","meta":{"_seopress_robots_primary_cat":"none","_seopress_titles_title":"","_seopress_titles_desc":"","_seopress_robots_index":"","_et_pb_use_builder":"","_et_pb_old_content":"","_et_gb_content_width":"","inline_featured_image":false,"footnotes":""},"categories":[17],"tags":[2217,3489,3488,1197,3490],"class_list":["post-382631","post","type-post","status-publish","format-standard","has-post-thumbnail","hentry","category-blogovi","tag-gaza","tag-jevreji","tag-konacno-rjesenje","tag-palestinci","tag-varsavski-geto"],"_links":{"self":[{"href":"https:\/\/www.pcnen.com\/portal\/wp-json\/wp\/v2\/posts\/382631","targetHints":{"allow":["GET"]}}],"collection":[{"href":"https:\/\/www.pcnen.com\/portal\/wp-json\/wp\/v2\/posts"}],"about":[{"href":"https:\/\/www.pcnen.com\/portal\/wp-json\/wp\/v2\/types\/post"}],"author":[{"embeddable":true,"href":"https:\/\/www.pcnen.com\/portal\/wp-json\/wp\/v2\/users\/12"}],"replies":[{"embeddable":true,"href":"https:\/\/www.pcnen.com\/portal\/wp-json\/wp\/v2\/comments?post=382631"}],"version-history":[{"count":8,"href":"https:\/\/www.pcnen.com\/portal\/wp-json\/wp\/v2\/posts\/382631\/revisions"}],"predecessor-version":[{"id":382647,"href":"https:\/\/www.pcnen.com\/portal\/wp-json\/wp\/v2\/posts\/382631\/revisions\/382647"}],"wp:featuredmedia":[{"embeddable":true,"href":"https:\/\/www.pcnen.com\/portal\/wp-json\/wp\/v2\/media\/382640"}],"wp:attachment":[{"href":"https:\/\/www.pcnen.com\/portal\/wp-json\/wp\/v2\/media?parent=382631"}],"wp:term":[{"taxonomy":"category","embeddable":true,"href":"https:\/\/www.pcnen.com\/portal\/wp-json\/wp\/v2\/categories?post=382631"},{"taxonomy":"post_tag","embeddable":true,"href":"https:\/\/www.pcnen.com\/portal\/wp-json\/wp\/v2\/tags?post=382631"}],"curies":[{"name":"wp","href":"https:\/\/api.w.org\/{rel}","templated":true}]}}