{"id":382376,"date":"2023-10-13T10:56:10","date_gmt":"2023-10-13T08:56:10","guid":{"rendered":"https:\/\/www.pcnen.com\/portal\/?p=382376"},"modified":"2023-10-13T10:56:10","modified_gmt":"2023-10-13T08:56:10","slug":"sporazum-za-sastav-44-vlade","status":"publish","type":"post","link":"https:\/\/www.pcnen.com\/portal\/2023\/10\/13\/sporazum-za-sastav-44-vlade\/","title":{"rendered":"Sporazum za sastav 44. Vlade"},"content":{"rendered":"<div class=\"uk-panel uk-margin\">\n<p><a href=\"https:\/\/www.vijesti.me\/vijesti\/politika\/677497\/draft-sporazuma-o-sastavu-nove-vlasti-pes-u-vecina-mjesta-nsd-u-sef-skupstine-demokratama-sektor-bezbjednosti\">Portal Vijesti je objavio<\/a> draft Sporazum koji su usaglasile politi\u010dke partije, na nedavnom sastanku povodom formiranja Vlade.<\/p>\n<p>Prema sporazumu 10 ministarstava pripa\u0161\u0107e Evropi sad, Demokratama \u010detiri, SNP-u dva, albanskim partijama po jedno. Predsjednik Skup\u0161tine pripada Novoj srpskoj demokratiji.Ovo je IV segment koji se ti\u010de strukture i koji defini\u0161e raspodjelu resora u budu\u0107oj Vladi Crne Gore ali i raspodjelu funkcija u zakonodavnoj vlasti, tj, Skup\u0161tini Crne Gore.<\/p>\n<p><strong>STRUKTURA\u00a0 IZVR\u0160NE I ZAKONODAVNE VLASTI<\/strong><\/p>\n<p><strong>Potpisnici Sporazuma saglasni su da obezbijede neophodnu parlamentarnu podr\u0161ku mandataru za sastav 44. Vlade.<\/strong><\/p>\n<p><strong>Potpisnici Sporazuma su saglasni da 44. Vlada ima ____\u010dlanova Vlade, predsjednika Vlade, _______ potpredsjednika, _____ministara i to:<\/strong><\/p>\n<ul>\n<li>Predsjednika Vlade predla\u017ee politi\u010dki subjekt Evropa sad.<\/li>\n<li>Zamjenika predsjednika Vlade za bezbjednost, politi\u010dki sistem i unutra\u0161nju politiku predla\u017ee politi\u010dki subjekt: Demokratska Crna Gora.<\/li>\n<li>Potpredsjednika Vlade za evropske i spoljne poslove predlo\u017ee politi\u010dki subjekt: Demokratska Crna Gora.<\/li>\n<li>Potpredsjednika Vlade za ekonomsku politiku sa resorom ministarstva ekonomskog razvoja predla\u017ee politi\u010dki subjekt: Albanski forum.<\/li>\n<li>Potpredsjednika Vlade za rad, obrazovanje, zdravstvo i socijalu predla\u017ee politi\u010dki subjekt: CIVIS.<\/li>\n<\/ul>\n<p><strong>Politi\u010dki subjekt EVROPA SAD predla\u017ee:<\/strong><\/p>\n<ul>\n<li>Ministra saobra\u0107aja i pomorstva<\/li>\n<li>Ministra prostornog planiranja, urbanizma i dr\u017eavne imovine<\/li>\n<li>Ministra evropskih poslova<\/li>\n<li>Ministra finansija<\/li>\n<li>Ministra prosvjete, nauke i inovacija<\/li>\n<li>Ministra pravde<\/li>\n<li>Ministra rada i socijalnog staranja<\/li>\n<li>Ministra zdravlja<\/li>\n<li>Ministra energetike i rudarstva<\/li>\n<li>Ministra vanjskih poslova<\/li>\n<\/ul>\n<p><strong>Politi\u010dki subjekt DEMOKRATE predla\u017eu:<\/strong><\/p>\n<ul>\n<li>Ministra unutra\u0161njih poslova<\/li>\n<li>Ministra odbrane<\/li>\n<li>Ministra turizma, ekologije, odr\u017eivog razvoja i razvoja sjevera<\/li>\n<li>Ministra kulture i medija<\/li>\n<\/ul>\n<p><strong>Politi\u010dki subjekt SOCIJALISTI\u010cKA NARODNA PARTIJE CRNE GORE predla\u017ee:<\/strong><\/p>\n<ul>\n<li>Ministra poljoprivrede, \u0161umarstva i vodoprivrede<\/li>\n<li>Ministra sporta i mladih<\/li>\n<\/ul>\n<p><strong>Politi\u010dki subjekt ALBANSKI FORUM predla\u017ee:<\/strong><\/p>\n<ul>\n<li>Ministra javne uprave<\/li>\n<\/ul>\n<p><strong>Politi\u010dki subjekt ALBANSKA ALIJANSA predla\u017ee:<\/strong><\/p>\n<ul>\n<li>Ministra ljudskih i manjinskih prava<\/li>\n<\/ul>\n<p><strong>Potpisnici Sporazuma su saglasni da u skladu sa raspodjelom potpredsjednici predsjedavaju Vladinim komisijama.<\/strong><\/p>\n<p><strong>Potpisnici Sporazuma su saglasni da Skup\u0161tina Crne Gore bira najvi\u0161e \u010detiri potpredsjednika.<\/strong><\/p>\n<p><strong>Potpisnici Sporazuma obavezni su podr\u017eati izbor rukovodstva Skup\u0161tine prilikom glasanja, na na\u010din \u0161to:<\/strong><\/p>\n<p><strong>Predsjednika Skup\u0161tine Crne Gore predla\u017ee politi\u010dki subjekt NOVA SRPSKA DEMOKRATIJA.<\/strong><\/p>\n<p><strong>Jednog od potpredsjednika Skup\u0161tine Crne Gore iz reda parlamentarne ve\u0107ine predla\u017ee politi\u010dki subjekt EVROPA SAD.<\/strong><\/p>\n<p><strong>Jednog od potpredsjednika Skup\u0161tine Crne Gore iz reda manje zastupljenog pola predla\u017eu DEMOKRATE.<\/strong><\/p>\n<p><strong>Jednog potpredsjednika Skup\u0161tine Crne Gore iz reda stranaka manjinskih naroda predla\u017ee politi\u010dki subjekt:<\/strong><\/p>\n<p><strong>Jednog potpredsjednika Skup\u0161tine predla\u017ee parlamentarna opozicija.<\/strong><\/p>\n<p><strong>Izbor potpredsjednika Skup\u0161tine Crne Gore realizova\u0107e se \u0107e istog dana kada se vr\u0161i izbor predsjednika Skup\u0161tine.<\/strong><\/p>\n<p><strong>ROK VA\u017dENJA SPORAZUMA<\/strong><\/p>\n<p><strong>Sporazum se zaklju\u010duje za period od 4 godine.<\/strong><\/p>\n<\/div>\n","protected":false},"excerpt":{"rendered":"<p>Portal Vijesti je objavio draft Sporazum koji su usaglasile politi\u010dke partije, na nedavnom sastanku povodom formiranja Vlade. Prema sporazumu 10 ministarstava pripa\u0161\u0107e Evropi sad, Demokratama \u010detiri, SNP-u dva, albanskim partijama po jedno. Predsjednik Skup\u0161tine pripada Novoj srpskoj demokratiji.Ovo je IV segment koji se ti\u010de strukture i koji defini\u0161e raspodjelu resora u budu\u0107oj Vladi Crne Gore [&hellip;]<\/p>\n","protected":false},"author":1,"featured_media":379490,"comment_status":"open","ping_status":"closed","sticky":false,"template":"","format":"standard","meta":{"_seopress_robots_primary_cat":"none","_seopress_titles_title":"","_seopress_titles_desc":"","_seopress_robots_index":"","_et_pb_use_builder":"","_et_pb_old_content":"","_et_gb_content_width":"","inline_featured_image":false,"footnotes":""},"categories":[14],"tags":[],"class_list":["post-382376","post","type-post","status-publish","format-standard","has-post-thumbnail","hentry","category-vijesti"],"_links":{"self":[{"href":"https:\/\/www.pcnen.com\/portal\/wp-json\/wp\/v2\/posts\/382376","targetHints":{"allow":["GET"]}}],"collection":[{"href":"https:\/\/www.pcnen.com\/portal\/wp-json\/wp\/v2\/posts"}],"about":[{"href":"https:\/\/www.pcnen.com\/portal\/wp-json\/wp\/v2\/types\/post"}],"author":[{"embeddable":true,"href":"https:\/\/www.pcnen.com\/portal\/wp-json\/wp\/v2\/users\/1"}],"replies":[{"embeddable":true,"href":"https:\/\/www.pcnen.com\/portal\/wp-json\/wp\/v2\/comments?post=382376"}],"version-history":[{"count":1,"href":"https:\/\/www.pcnen.com\/portal\/wp-json\/wp\/v2\/posts\/382376\/revisions"}],"predecessor-version":[{"id":382379,"href":"https:\/\/www.pcnen.com\/portal\/wp-json\/wp\/v2\/posts\/382376\/revisions\/382379"}],"wp:featuredmedia":[{"embeddable":true,"href":"https:\/\/www.pcnen.com\/portal\/wp-json\/wp\/v2\/media\/379490"}],"wp:attachment":[{"href":"https:\/\/www.pcnen.com\/portal\/wp-json\/wp\/v2\/media?parent=382376"}],"wp:term":[{"taxonomy":"category","embeddable":true,"href":"https:\/\/www.pcnen.com\/portal\/wp-json\/wp\/v2\/categories?post=382376"},{"taxonomy":"post_tag","embeddable":true,"href":"https:\/\/www.pcnen.com\/portal\/wp-json\/wp\/v2\/tags?post=382376"}],"curies":[{"name":"wp","href":"https:\/\/api.w.org\/{rel}","templated":true}]}}