{"id":381891,"date":"2023-10-08T10:54:55","date_gmt":"2023-10-08T08:54:55","guid":{"rendered":"https:\/\/www.pcnen.com\/portal\/?p=381891"},"modified":"2023-10-08T11:41:06","modified_gmt":"2023-10-08T09:41:06","slug":"na-deponiji-livade-sinoc-podmetnut-novi-pozar-privedene-tri-osobe","status":"publish","type":"post","link":"https:\/\/www.pcnen.com\/portal\/2023\/10\/08\/na-deponiji-livade-sinoc-podmetnut-novi-pozar-privedene-tri-osobe\/","title":{"rendered":"Na deponiji \u201cLivade\u201d sino\u0107 podmetnut novi po\u017ear, privedene tri osobe"},"content":{"rendered":"<p>Na deponiji \u201cLivade\u201d sino\u0107 poslije pono\u0107i podmetnut je novi po\u017ear.<\/p>\n<p>Komunalna policija je na licu mjesta zatekla tri osobe za koje se sumnja da su podmetnule po\u017ear, i predati su Upravi policije na dalje postupanje.<\/p>\n<p>Ekipe Slu\u017ebe za\u0161tite su nakon vise sati ga\u0161enja po\u017eara, uz pomo\u0107 zaposlenih u Deponiji i upotrebu mehanizacije, uspjele da po\u017ear ugase.<\/p>\n<p>Jo\u0161 uvijek se obilazi lokacija po\u017eari\u0161ta i povremeno zaliva vodom, jer se radi o ogromnim naslagama zapaljivog materijala gdje se u dubini usljed visoke temperature sporadi\u010dno pojavljuje dim.<\/p>\n<p>Indikativno je da su ista tri lica za koja se osnovano sumnja da su podmetnula po\u017ear, od strane Uprave policije i Komunalne policije legitimisana u ulici Husinskih rudara na lokaciji gdje je takodje u 21:56 \u010dasova prijavljen po\u017ear, navode iz PG biroa.<\/p>\n<blockquote class=\"twitter-tweet\">\n<p dir=\"ltr\" lang=\"und\">Na deponiji \u201cLivade\u201d sino\u0107 podmetnut novi po\u017ear, privedene 3 osobe!<\/p>\n<p>Sino\u0107 je u 1:10 iza pono\u0107i podmetnut novi po\u017ear na deponiji. Komunalna policija je na licu mjesta zatekla tri osobe za koje se sumnja da su podmetnule po\u017ear, a koja su predata <a href=\"https:\/\/twitter.com\/PolicijaCG?ref_src=twsrc%5Etfw\">@PolicijaCG<\/a> na dalje postupanje. <a href=\"https:\/\/t.co\/MAn9apMhqF\">pic.twitter.com\/MAn9apMhqF<\/a><\/p>\n<p>\u2014 Glavni grad Podgorica (@GradPg) <a href=\"https:\/\/twitter.com\/GradPg\/status\/1710938269372891454?ref_src=twsrc%5Etfw\">October 8, 2023<\/a><\/p><\/blockquote>\n<p><script async src=\"https:\/\/platform.twitter.com\/widgets.js\" charset=\"utf-8\"><\/script><\/p>\n<blockquote class=\"wp-embedded-content\" data-secret=\"U9k5v82cDR\"><p><a href=\"https:\/\/www.pcnen.com\/portal\/2023\/10\/07\/ugasen-pozar-na-podgorickoj-deponiji\/\">Uga\u0161en po\u017ear na podgori\u010dkoj deponiji<\/a><\/p><\/blockquote>\n<p><iframe loading=\"lazy\" class=\"wp-embedded-content\" sandbox=\"allow-scripts\" security=\"restricted\" style=\"position: absolute; clip: rect(1px, 1px, 1px, 1px);\" title=\"&#8220;Uga\u0161en po\u017ear na podgori\u010dkoj deponiji&#8221; &#8212; PCNEN\" src=\"https:\/\/www.pcnen.com\/portal\/2023\/10\/07\/ugasen-pozar-na-podgorickoj-deponiji\/embed\/#?secret=hKpZQvkYJw#?secret=U9k5v82cDR\" data-secret=\"U9k5v82cDR\" width=\"600\" height=\"338\" frameborder=\"0\" marginwidth=\"0\" marginheight=\"0\" scrolling=\"no\"><\/iframe><\/p>\n","protected":false},"excerpt":{"rendered":"<p>Na deponiji \u201cLivade\u201d sino\u0107 poslije pono\u0107i podmetnut je novi po\u017ear. Komunalna policija je na licu mjesta zatekla tri osobe za koje se sumnja da su podmetnule po\u017ear, i predati su Upravi policije na dalje postupanje. Ekipe Slu\u017ebe za\u0161tite su nakon vise sati ga\u0161enja po\u017eara, uz pomo\u0107 zaposlenih u Deponiji i upotrebu mehanizacije, uspjele da po\u017ear [&hellip;]<\/p>\n","protected":false},"author":1,"featured_media":381719,"comment_status":"open","ping_status":"closed","sticky":false,"template":"","format":"standard","meta":{"_seopress_robots_primary_cat":"none","_seopress_titles_title":"","_seopress_titles_desc":"","_seopress_robots_index":"","_et_pb_use_builder":"","_et_pb_old_content":"","_et_gb_content_width":"","inline_featured_image":false,"footnotes":""},"categories":[14],"tags":[],"class_list":["post-381891","post","type-post","status-publish","format-standard","has-post-thumbnail","hentry","category-vijesti"],"_links":{"self":[{"href":"https:\/\/www.pcnen.com\/portal\/wp-json\/wp\/v2\/posts\/381891","targetHints":{"allow":["GET"]}}],"collection":[{"href":"https:\/\/www.pcnen.com\/portal\/wp-json\/wp\/v2\/posts"}],"about":[{"href":"https:\/\/www.pcnen.com\/portal\/wp-json\/wp\/v2\/types\/post"}],"author":[{"embeddable":true,"href":"https:\/\/www.pcnen.com\/portal\/wp-json\/wp\/v2\/users\/1"}],"replies":[{"embeddable":true,"href":"https:\/\/www.pcnen.com\/portal\/wp-json\/wp\/v2\/comments?post=381891"}],"version-history":[{"count":2,"href":"https:\/\/www.pcnen.com\/portal\/wp-json\/wp\/v2\/posts\/381891\/revisions"}],"predecessor-version":[{"id":381903,"href":"https:\/\/www.pcnen.com\/portal\/wp-json\/wp\/v2\/posts\/381891\/revisions\/381903"}],"wp:featuredmedia":[{"embeddable":true,"href":"https:\/\/www.pcnen.com\/portal\/wp-json\/wp\/v2\/media\/381719"}],"wp:attachment":[{"href":"https:\/\/www.pcnen.com\/portal\/wp-json\/wp\/v2\/media?parent=381891"}],"wp:term":[{"taxonomy":"category","embeddable":true,"href":"https:\/\/www.pcnen.com\/portal\/wp-json\/wp\/v2\/categories?post=381891"},{"taxonomy":"post_tag","embeddable":true,"href":"https:\/\/www.pcnen.com\/portal\/wp-json\/wp\/v2\/tags?post=381891"}],"curies":[{"name":"wp","href":"https:\/\/api.w.org\/{rel}","templated":true}]}}