{"id":381879,"date":"2023-10-08T08:40:12","date_gmt":"2023-10-08T06:40:12","guid":{"rendered":"https:\/\/www.pcnen.com\/portal\/?p=381879"},"modified":"2023-10-08T08:40:12","modified_gmt":"2023-10-08T06:40:12","slug":"nastavljeni-sukobi-izraelskih-snaga-i-pripadnika-hamasa","status":"publish","type":"post","link":"https:\/\/www.pcnen.com\/portal\/2023\/10\/08\/nastavljeni-sukobi-izraelskih-snaga-i-pripadnika-hamasa\/","title":{"rendered":"Nastavljeni sukobi izraelskih snaga i pripadnika Hamasa"},"content":{"rendered":"<p>Sukobi izraelskih vojnika i pripadnika Hamasa koji su se ubacili na jug Izraela iz pojasa Gaze i u\u0161li u pograni\u010dna izraelska naselja nastavljeni su danas poslije iznenadnog napada Hamasa\u00a0 ju\u010de ujutro.<\/p>\n<p>U isto vrijeme nastavljaju se i udari izraelske vojske iz vazduha na ciljeve u Gazi u znak odmazde, prenosi danas.rs.<\/p>\n<p>Naoru\u017eani pripadnici Hamasa u\u0161li su na 22 lokacije, uklju\u010duju\u0107i one udaljene 24 kilometra od granice Gaze, dok je hiljade raketa ispaljivano na izraelske gradove.<\/p>\n<p>Izraelska vojska je jutros saop\u0161tila da se njene snage bore protiv Hamasa na osam mjesta.<\/p>\n<p>Izrael je pogodio 426 ciljeva u pojasu Gaze, objavila je vojska.<\/p>\n<p>Najmanje 256 ljudi, uklju\u010duju\u0107i 20 djece, ubijeno je u izraelskim vazdu\u0161nim udarima na pojas Gaze, a gotovo 1.800 je ranjeno, saop\u0161tilo je palestinsko Ministarstvo zdravlja.<\/p>\n<p>Izraelski mediji su, pozivaju\u0107i se na zvani\u010dnike spasila\u010dkih slu\u017ebi, objavili da je najmanje 250 ljudi ubijeno i 1.500 ranjeno.<\/p>\n<p>Izraelska vojska je saop\u0161tila jutros da je ga\u0111ala jug Libana po\u0161to je vi\u0161e minobaca\u010dkih projektila ispaljeno ka izraelskoj teritoriji.<\/p>\n<p>Ju\u010de se spekulisalo da bi libanski Hezbolah mogao prite\u0107i u pomo\u0107 Hamasu.<\/p>\n<p><a href=\"https:\/\/www.pcnen.com\/portal\/?s=HAMAS\" target=\"_blank\" rel=\"noopener\">VEZANE VIJESTI<\/a><\/p>\n<p>&nbsp;<\/p>\n","protected":false},"excerpt":{"rendered":"<p>Sukobi izraelskih vojnika i pripadnika Hamasa koji su se ubacili na jug Izraela iz pojasa Gaze i u\u0161li u pograni\u010dna izraelska naselja nastavljeni su danas poslije iznenadnog napada Hamasa\u00a0 ju\u010de ujutro<\/p>\n","protected":false},"author":1,"featured_media":319737,"comment_status":"open","ping_status":"closed","sticky":false,"template":"","format":"standard","meta":{"_seopress_robots_primary_cat":"none","_seopress_titles_title":"","_seopress_titles_desc":"","_seopress_robots_index":"","_et_pb_use_builder":"","_et_pb_old_content":"","_et_gb_content_width":"","inline_featured_image":false,"footnotes":""},"categories":[14],"tags":[2217,1765,1195],"class_list":["post-381879","post","type-post","status-publish","format-standard","has-post-thumbnail","hentry","category-vijesti","tag-gaza","tag-hamas","tag-izrael"],"_links":{"self":[{"href":"https:\/\/www.pcnen.com\/portal\/wp-json\/wp\/v2\/posts\/381879","targetHints":{"allow":["GET"]}}],"collection":[{"href":"https:\/\/www.pcnen.com\/portal\/wp-json\/wp\/v2\/posts"}],"about":[{"href":"https:\/\/www.pcnen.com\/portal\/wp-json\/wp\/v2\/types\/post"}],"author":[{"embeddable":true,"href":"https:\/\/www.pcnen.com\/portal\/wp-json\/wp\/v2\/users\/1"}],"replies":[{"embeddable":true,"href":"https:\/\/www.pcnen.com\/portal\/wp-json\/wp\/v2\/comments?post=381879"}],"version-history":[{"count":1,"href":"https:\/\/www.pcnen.com\/portal\/wp-json\/wp\/v2\/posts\/381879\/revisions"}],"predecessor-version":[{"id":381882,"href":"https:\/\/www.pcnen.com\/portal\/wp-json\/wp\/v2\/posts\/381879\/revisions\/381882"}],"wp:featuredmedia":[{"embeddable":true,"href":"https:\/\/www.pcnen.com\/portal\/wp-json\/wp\/v2\/media\/319737"}],"wp:attachment":[{"href":"https:\/\/www.pcnen.com\/portal\/wp-json\/wp\/v2\/media?parent=381879"}],"wp:term":[{"taxonomy":"category","embeddable":true,"href":"https:\/\/www.pcnen.com\/portal\/wp-json\/wp\/v2\/categories?post=381879"},{"taxonomy":"post_tag","embeddable":true,"href":"https:\/\/www.pcnen.com\/portal\/wp-json\/wp\/v2\/tags?post=381879"}],"curies":[{"name":"wp","href":"https:\/\/api.w.org\/{rel}","templated":true}]}}