{"id":381697,"date":"2023-10-06T08:20:34","date_gmt":"2023-10-06T06:20:34","guid":{"rendered":"https:\/\/www.pcnen.com\/portal\/?p=381697"},"modified":"2023-10-06T08:20:34","modified_gmt":"2023-10-06T06:20:34","slug":"putin-u-tijelima-u-prigozinovom-avionu-nadjeni-fragmenti-rucne-bombe","status":"publish","type":"post","link":"https:\/\/www.pcnen.com\/portal\/2023\/10\/06\/putin-u-tijelima-u-prigozinovom-avionu-nadjeni-fragmenti-rucne-bombe\/","title":{"rendered":"Putin: U tijelima u Prigo\u017einovom avionu na\u0111eni fragmenti ru\u010dne bombe"},"content":{"rendered":"<p>Predsjednik Rusije Vladimir Putin je rekao da su fragmenti ru\u010dne bombe na\u0111eni u tijelima poginulih 23. avgusta u padu aviona koji je pripadao \u0161efu plac\u0301eni\u010dke formacije Vagner, Jevgeniju Prigo\u017einu.<\/p>\n<p>Istraga nesre\u0107e nije do\u0161la ni do kakvih naznaka da je privatni avion pretrpio \u201cspoljni udar\u201d, rekao je Putin.<\/p>\n<p>Prigo\u017ein i dvojica njegovih najvi\u0161ih saradnika u Vagneru bili su me\u0111u 10 poginulih u padu aviona koji je letio iz Moskve za Sankt Peterburg.<\/p>\n<p>Preliminarne procjene ameri\u010dkih obavje\u0161tajnih slu\u017ebi su da je pad izazvala namjerna eksplozija, a zapadni zvani\u010dnici su ukazali na dugu listu Putinovih neprijatelja koji su ubijeni, prenosi Beta.<\/p>\n<p>Kremlj je optu\u017ebe da stoji iza nesrec\u0301e nazvao \u201capsolutnom la\u017ei\u201d.<\/p>\n<p>Rusija je pokrenula istragu, ali nikakvi nalazi nisu zvani\u010dno objavljeni.<\/p>\n<p>Mlaznjak Embraer je napravljen u Brazilu, ali je Moskva odbila ponudu proizvo\u0111a\u010da da u\u010destvuje u istrazi iako je to uobi\u010dajeno.<\/p>\n<p>Premda je Putin konstatovao da istraga jo\u0161 traje, i nije rekao \u0161ta je izazvalo nesrec\u0301u, njegova izjava je aluzija da je avion oboren eksplozijom ru\u010dne bombe u unutra\u0161njosti, mada je mogu\u0107e da je bomba eksplodirala i tek po\u0161to je avion pao.<\/p>\n<p>Prigo\u017einova kratka pobuna 24. juna bila je najozbiljniji izazov za Putina koji je na vlasti vi\u0161e od dvije decenije. Avion sa Prigo\u017einom se sru\u0161io gotovo ta\u010dno dva mjeseca kasnije.<\/p>\n<p>Poslije njegove pogibije, Putin je opisao Prigo\u017eina (62) kao \u201c\u010dovjeka te\u0161ke sudbine\u201d koji je \u201cnapravio ozbiljne gre\u0161ke u \u017eivotu\u201d.<\/p>\n<p>Prigo\u017ein je svoje bogatstvo dugovao vezama sa ruskim liderom koje poti\u010du s po\u010detka 1990-ih godina.<\/p>\n<p>Prozvan je \u201ePutinovim kuvarom\u201c zbog unosnih ugovora s Kremljem o snabdijevanju hranom.<\/p>\n<p>Formacija Vagner koju je on stvorio, bila je aktivna u Ukrajini, Siriji i nekoliko afri\u010dkih zemalja i na vrhuncu je brojala desetine hiljada vojnika.<\/p>\n<p>Igrala je klju\u010dnu ulogu u borbama u Ukrajini prilikom zauzimanja isto\u010dnoukrajinskog grada Bahmuta u maju 2023. godine poslije vi\u0161e mjeseci krvavih borbi.<\/p>\n<p>Prigo\u017ein je rekao da je cilj njegove pobune bilo da zbaci rusko vojno rukovodstvo zbog gre\u0161aka u borbama u Ukrajini i napada na njegove pla\u0107enike.<\/p>\n<p>Vagnerovci su 24. juna zauzeli vojni \u0161tab Rusije u Rostovu na Donu, a zatim su u konvoju krenuli prema Moskvi. Potom su naglo zaustavili pobunu, kada im je ponu\u0111ena amnestija od krivi\u010dnog gonjenja i vratili se odakle su do\u0161li.<\/p>\n<p>Plac\u0301enici su imali izbor da se povuku iz slu\u017ebe, presele se u Belorusiju ili da potpi\u0161u nove ugovore sa Ministarstvom odbrane.<\/p>\n<p>Putin je danas rekao da je nekoliko hiljada Vagnerovih vojnika potpisalo ugovore sa Ministarstvom odbrane.<\/p>\n<p><a href=\"https:\/\/www.pcnen.com\/portal\/?s=Prigo%C5%BEin\">VEZANE VIJESTI<\/a><\/p>\n","protected":false},"excerpt":{"rendered":"<p>Predsjednik Rusije Vladimir Putin je rekao da su fragmenti ru\u010dne bombe na\u0111eni u tijelima poginulih 23. avgusta u padu aviona koji je pripadao \u0161efu plac\u0301eni\u010dke formacije Vagner, Jevgeniju Prigo\u017einu. Istraga nesre\u0107e nije do\u0161la ni do kakvih naznaka da je privatni avion pretrpio \u201cspoljni udar\u201d, rekao je Putin. Prigo\u017ein i dvojica njegovih najvi\u0161ih saradnika u Vagneru [&hellip;]<\/p>\n","protected":false},"author":1,"featured_media":372216,"comment_status":"open","ping_status":"closed","sticky":false,"template":"","format":"standard","meta":{"_seopress_robots_primary_cat":"none","_seopress_titles_title":"","_seopress_titles_desc":"","_seopress_robots_index":"","_et_pb_use_builder":"","_et_pb_old_content":"","_et_gb_content_width":"","inline_featured_image":false,"footnotes":""},"categories":[14],"tags":[],"class_list":["post-381697","post","type-post","status-publish","format-standard","has-post-thumbnail","hentry","category-vijesti"],"_links":{"self":[{"href":"https:\/\/www.pcnen.com\/portal\/wp-json\/wp\/v2\/posts\/381697","targetHints":{"allow":["GET"]}}],"collection":[{"href":"https:\/\/www.pcnen.com\/portal\/wp-json\/wp\/v2\/posts"}],"about":[{"href":"https:\/\/www.pcnen.com\/portal\/wp-json\/wp\/v2\/types\/post"}],"author":[{"embeddable":true,"href":"https:\/\/www.pcnen.com\/portal\/wp-json\/wp\/v2\/users\/1"}],"replies":[{"embeddable":true,"href":"https:\/\/www.pcnen.com\/portal\/wp-json\/wp\/v2\/comments?post=381697"}],"version-history":[{"count":1,"href":"https:\/\/www.pcnen.com\/portal\/wp-json\/wp\/v2\/posts\/381697\/revisions"}],"predecessor-version":[{"id":381700,"href":"https:\/\/www.pcnen.com\/portal\/wp-json\/wp\/v2\/posts\/381697\/revisions\/381700"}],"wp:featuredmedia":[{"embeddable":true,"href":"https:\/\/www.pcnen.com\/portal\/wp-json\/wp\/v2\/media\/372216"}],"wp:attachment":[{"href":"https:\/\/www.pcnen.com\/portal\/wp-json\/wp\/v2\/media?parent=381697"}],"wp:term":[{"taxonomy":"category","embeddable":true,"href":"https:\/\/www.pcnen.com\/portal\/wp-json\/wp\/v2\/categories?post=381697"},{"taxonomy":"post_tag","embeddable":true,"href":"https:\/\/www.pcnen.com\/portal\/wp-json\/wp\/v2\/tags?post=381697"}],"curies":[{"name":"wp","href":"https:\/\/api.w.org\/{rel}","templated":true}]}}