{"id":380799,"date":"2023-09-27T12:01:29","date_gmt":"2023-09-27T10:01:29","guid":{"rendered":"https:\/\/www.pcnen.com\/portal\/?p=380799"},"modified":"2023-09-27T12:03:23","modified_gmt":"2023-09-27T10:03:23","slug":"ubici-pukanica-hiljade-eura-odstete-zbog-povreda-zadobijenih-u-marici","status":"publish","type":"post","link":"https:\/\/www.pcnen.com\/portal\/2023\/09\/27\/ubici-pukanica-hiljade-eura-odstete-zbog-povreda-zadobijenih-u-marici\/","title":{"rendered":"Ubici Pukani\u0107a hiljade eura od\u0161tete zbog povreda zadobijenih u &#8220;marici&#8221;"},"content":{"rendered":"<p>Amir Mafalani, koji je na izdr\u017eavanju zatvorske kazne zbog ubistva vlasnika hrvatskog nedjeljnika Nacional Ive Pukani\u0107a, dobio je presudu Evropskog suda za ljudska prava zbog povreda zadobijenih dok ga je pravosudna policija u &#8220;marici&#8221; vra\u0107ala sa su\u0111enja u Remetinec.<\/p>\n<p>Evropski sud je odredio da mu Hrvatska isplati oko 6.000 eura od\u0161tete, zbog zadobijenih povreda.<\/p>\n<p>Mafalani je osu\u0111en na 16 godina zatvora, a hrvatski portal pi\u0161e da ovo nije prvu put da je dobio od\u0161tetu. Prethodno je dobio 20.000 eura jer ga je policija pretukla.<\/p>\n<p>Njegov advokat Lidija Horvat ka\u017ee da se Mafalani \u017ealio Evropskom sudu za ljudska prava jer su ga pravosudni policajci vozili &#8220;kao da je krompir&#8221;, prenosi Tanjug.<\/p>\n<p>Horvat je za hrvatski RTL Danas kazala da se njen branjenik prilikom prevoza, usljed ko\u010denja policijskog vozila, koje je udarilo u drugo policijsko vozilo, prevrnuo i zadobio povrede glave, pri \u010demu se prevrtao po samom vozilu.<\/p>\n<p>Iz Sindikata policije \u010dude se navodima Mafalanija. Ka\u017eu da samo u Remetincu bude 30-ak odvo\u0111enja na dan i da povrede nisu \u010deste.<\/p>\n<p><a href=\"https:\/\/www.pcnen.com\/portal\/?s=Pukani%C4%87\">VEZANE VIJESTI<\/a><\/p>\n","protected":false},"excerpt":{"rendered":"<p>Amir Mafalani, koji je na izdr\u017eavanju zatvorske kazne zbog ubistva vlasnika hrvatskog nedjeljnika Nacional Ive Pukani\u0107a, dobio je presudu Evropskog suda za ljudska prava zbog povreda zadobijenih dok ga je pravosudna policija u &#8220;marici&#8221; vra\u0107ala sa su\u0111enja u Remetinec. Evropski sud je odredio da mu Hrvatska isplati oko 6.000 eura od\u0161tete, zbog zadobijenih povreda. Mafalani [&hellip;]<\/p>\n","protected":false},"author":1,"featured_media":380802,"comment_status":"open","ping_status":"closed","sticky":false,"template":"","format":"standard","meta":{"_seopress_robots_primary_cat":"none","_seopress_titles_title":"","_seopress_titles_desc":"","_seopress_robots_index":"","_et_pb_use_builder":"","_et_pb_old_content":"","_et_gb_content_width":"","inline_featured_image":false,"footnotes":""},"categories":[14],"tags":[],"class_list":["post-380799","post","type-post","status-publish","format-standard","has-post-thumbnail","hentry","category-vijesti"],"_links":{"self":[{"href":"https:\/\/www.pcnen.com\/portal\/wp-json\/wp\/v2\/posts\/380799","targetHints":{"allow":["GET"]}}],"collection":[{"href":"https:\/\/www.pcnen.com\/portal\/wp-json\/wp\/v2\/posts"}],"about":[{"href":"https:\/\/www.pcnen.com\/portal\/wp-json\/wp\/v2\/types\/post"}],"author":[{"embeddable":true,"href":"https:\/\/www.pcnen.com\/portal\/wp-json\/wp\/v2\/users\/1"}],"replies":[{"embeddable":true,"href":"https:\/\/www.pcnen.com\/portal\/wp-json\/wp\/v2\/comments?post=380799"}],"version-history":[{"count":3,"href":"https:\/\/www.pcnen.com\/portal\/wp-json\/wp\/v2\/posts\/380799\/revisions"}],"predecessor-version":[{"id":380805,"href":"https:\/\/www.pcnen.com\/portal\/wp-json\/wp\/v2\/posts\/380799\/revisions\/380805"}],"wp:featuredmedia":[{"embeddable":true,"href":"https:\/\/www.pcnen.com\/portal\/wp-json\/wp\/v2\/media\/380802"}],"wp:attachment":[{"href":"https:\/\/www.pcnen.com\/portal\/wp-json\/wp\/v2\/media?parent=380799"}],"wp:term":[{"taxonomy":"category","embeddable":true,"href":"https:\/\/www.pcnen.com\/portal\/wp-json\/wp\/v2\/categories?post=380799"},{"taxonomy":"post_tag","embeddable":true,"href":"https:\/\/www.pcnen.com\/portal\/wp-json\/wp\/v2\/tags?post=380799"}],"curies":[{"name":"wp","href":"https:\/\/api.w.org\/{rel}","templated":true}]}}