{"id":380498,"date":"2023-09-24T17:43:31","date_gmt":"2023-09-24T15:43:31","guid":{"rendered":"https:\/\/www.pcnen.com\/portal\/?p=380498"},"modified":"2023-09-24T17:43:31","modified_gmt":"2023-09-24T15:43:31","slug":"kp-ubijena-tri-napadaca-jedan-uhapsen","status":"publish","type":"post","link":"https:\/\/www.pcnen.com\/portal\/2023\/09\/24\/kp-ubijena-tri-napadaca-jedan-uhapsen\/","title":{"rendered":"KP: Ubijena tri napada\u010da, jedan uhap\u0161en"},"content":{"rendered":"<p>Do sada su ubijena trojica napada\u010da u razmjeni vatre u selu Banjska gdje se od kasno sino\u0107 ne smiruju tenzije, dok je jedan uhap\u0161en, potvrdila je Kosovska policija. Ujedno su uhap\u0161ene jo\u0161 \u010detiri osobe koje se dovode u vezu sa \u201ekriminalnom grupom\u201c, prenosi kossev.info.<\/p>\n<p>Policija navodi da je u jednom od stambenih objekata koji su navodno koristile ove osobe, prona\u0111ena logisti\u010dka oprema, vojna sredstva, uniforme i municija razli\u010ditog kalibra.<\/p>\n<p>Osim kod Banjske, policijski slu\u017ebenici su uhapsili jo\u0161 osoba na podru\u010dju sela Rudare.<\/p>\n<p>Kako navode, tokom obavljanja rutinske kontrole vozila, li\u0161ili su slobode \u010detvoricu osumnji\u010denih kod kojih je prona\u0111ena radio veza, <a href=\"https:\/\/kossev.info\/kp-ubijena-tri-napadaca-jedan-uhapsen-i-jos-cetiri-osobe-koje-se-dovode-u-vezu-sa-kriminalnom-grupom\/\" target=\"_blank\" rel=\"noopener\">prenosi<\/a> kossev.info.<\/p>\n<blockquote class=\"wp-embedded-content\" data-secret=\"MPQgaprtdR\"><p><a href=\"https:\/\/www.pcnen.com\/portal\/2023\/09\/24\/uniformisane-osobe-pucaju-na-kosovsku-policiju-u-selu-banjska\/\">Uniformisane osobe pucaju na kosovsku policiju u selu Banjska<\/a><\/p><\/blockquote>\n<p><iframe loading=\"lazy\" class=\"wp-embedded-content\" sandbox=\"allow-scripts\" security=\"restricted\" style=\"position: absolute; clip: rect(1px, 1px, 1px, 1px);\" title=\"&#8220;Uniformisane osobe pucaju na kosovsku policiju u selu Banjska&#8221; &#8212; PCNEN\" src=\"https:\/\/www.pcnen.com\/portal\/2023\/09\/24\/uniformisane-osobe-pucaju-na-kosovsku-policiju-u-selu-banjska\/embed\/#?secret=Ndohqx4L1N#?secret=MPQgaprtdR\" data-secret=\"MPQgaprtdR\" width=\"600\" height=\"338\" frameborder=\"0\" marginwidth=\"0\" marginheight=\"0\" scrolling=\"no\"><\/iframe><\/p>\n<p>&nbsp;<\/p>\n<p>&nbsp;<\/p>\n","protected":false},"excerpt":{"rendered":"<p>Uhap\u0161ene su jo\u0161 \u010detiri osobe koje se dovode u vezu sa \u201ekriminalnom grupom\u201c, prenosi kossev.info<\/p>\n","protected":false},"author":1,"featured_media":380501,"comment_status":"open","ping_status":"closed","sticky":false,"template":"","format":"standard","meta":{"_seopress_robots_primary_cat":"none","_seopress_titles_title":"","_seopress_titles_desc":"","_seopress_robots_index":"","_et_pb_use_builder":"","_et_pb_old_content":"","_et_gb_content_width":"","inline_featured_image":false,"footnotes":""},"categories":[14],"tags":[],"class_list":["post-380498","post","type-post","status-publish","format-standard","has-post-thumbnail","hentry","category-vijesti"],"_links":{"self":[{"href":"https:\/\/www.pcnen.com\/portal\/wp-json\/wp\/v2\/posts\/380498","targetHints":{"allow":["GET"]}}],"collection":[{"href":"https:\/\/www.pcnen.com\/portal\/wp-json\/wp\/v2\/posts"}],"about":[{"href":"https:\/\/www.pcnen.com\/portal\/wp-json\/wp\/v2\/types\/post"}],"author":[{"embeddable":true,"href":"https:\/\/www.pcnen.com\/portal\/wp-json\/wp\/v2\/users\/1"}],"replies":[{"embeddable":true,"href":"https:\/\/www.pcnen.com\/portal\/wp-json\/wp\/v2\/comments?post=380498"}],"version-history":[{"count":1,"href":"https:\/\/www.pcnen.com\/portal\/wp-json\/wp\/v2\/posts\/380498\/revisions"}],"predecessor-version":[{"id":380502,"href":"https:\/\/www.pcnen.com\/portal\/wp-json\/wp\/v2\/posts\/380498\/revisions\/380502"}],"wp:featuredmedia":[{"embeddable":true,"href":"https:\/\/www.pcnen.com\/portal\/wp-json\/wp\/v2\/media\/380501"}],"wp:attachment":[{"href":"https:\/\/www.pcnen.com\/portal\/wp-json\/wp\/v2\/media?parent=380498"}],"wp:term":[{"taxonomy":"category","embeddable":true,"href":"https:\/\/www.pcnen.com\/portal\/wp-json\/wp\/v2\/categories?post=380498"},{"taxonomy":"post_tag","embeddable":true,"href":"https:\/\/www.pcnen.com\/portal\/wp-json\/wp\/v2\/tags?post=380498"}],"curies":[{"name":"wp","href":"https:\/\/api.w.org\/{rel}","templated":true}]}}