{"id":380447,"date":"2023-09-24T12:42:06","date_gmt":"2023-09-24T10:42:06","guid":{"rendered":"https:\/\/www.pcnen.com\/portal\/?p=380447"},"modified":"2023-09-24T12:43:18","modified_gmt":"2023-09-24T10:43:18","slug":"uniformisane-osobe-pucaju-na-kosovsku-policiju-u-selu-banjska","status":"publish","type":"post","link":"https:\/\/www.pcnen.com\/portal\/2023\/09\/24\/uniformisane-osobe-pucaju-na-kosovsku-policiju-u-selu-banjska\/","title":{"rendered":"Uniformisane osobe pucaju na kosovsku policiju u selu Banjska"},"content":{"rendered":"<p>U selu Banjska u \u010dijoj je blizini sino\u0107 ubijen jedan kosovski policajac a drugi ranjen, i danas se nastavlja razmjena vatre. \u201eOni pucaju na nas, a pucamo i mi\u201c, kazao nam je zamjenik komandira Kosovske policije za region Sever, Veton Elj\u0161ani, izvje\u0161tava kossev.info.<\/p>\n<p>Elj\u0161ani navodi da su u ovom selu ljudi koji posjeduju te\u0161ko naoru\u017eanje.<\/p>\n<p>\u201eVidimo naoru\u017eane, uniformisane ljude, te\u0161ko naoru\u017eanje, puca se na nas, pucamo mi\u201c, kazao je Elj\u0161ani.<\/p>\n<p>On nije mogao da potvrdi koje uniforme nose ova lica i ko su, ali nam je kazao da koriste blindirana vozila.<\/p>\n<p>Tvrdi i da ne dozvoljavaju gra\u0111anima da iza\u0111u iz svojih domova.<\/p>\n<p>Osim \u0161to je ponovio prethodne navode Kosovske policije, da je jedan policajac ubijen, a drugi povre\u0111en, Elj\u0161ani nije imao mogao da potvrdi nezvani\u010dne navode o tome da ima i drugih koji su navodno ranjeni ili povrije\u0111eni.<\/p>\n<p>Putevi koji vode ka selu Banjska blokirani su nakon sino\u0107ne pucnjave, a ulaze obezbe\u0111uju pripadnici specijalnih jedinica Kosovske policije.<\/p>\n<p>Iz pravca ovog sela i u prijepodnevnim satima mogli su se povremeno \u010duti rafali, <a href=\"https:\/\/kossev.info\/eljsani-o-situaciji-u-banjskoj-oni-pucaju-na-nas-pucamo-i-mi-uniformisani-su-tesko-naoruzanje\/\" target=\"_blank\" rel=\"noopener\">izvje\u0161tava<\/a> kossev.info.<\/p>\n<blockquote class=\"wp-embedded-content\" data-secret=\"dpay8wV8iO\"><p><a href=\"https:\/\/www.pcnen.com\/portal\/2023\/09\/24\/napeta-situacija-na-sjeveru-kosova\/\">Napeta situacija na sjeveru Kosova<\/a><\/p><\/blockquote>\n<p><iframe loading=\"lazy\" class=\"wp-embedded-content\" sandbox=\"allow-scripts\" security=\"restricted\" style=\"position: absolute; clip: rect(1px, 1px, 1px, 1px);\" title=\"&#8220;Napeta situacija na sjeveru Kosova&#8221; &#8212; PCNEN\" src=\"https:\/\/www.pcnen.com\/portal\/2023\/09\/24\/napeta-situacija-na-sjeveru-kosova\/embed\/#?secret=4alcYGNjmI#?secret=dpay8wV8iO\" data-secret=\"dpay8wV8iO\" width=\"600\" height=\"338\" frameborder=\"0\" marginwidth=\"0\" marginheight=\"0\" scrolling=\"no\"><\/iframe><\/p>\n","protected":false},"excerpt":{"rendered":"<p>U selu Banjska u \u010dijoj je blizini sino\u0107 ubijen jedan kosovski policajac a drugi ranjen, i danas se nastavlja razmjena vatre. \u201eOni pucaju na nas, a pucamo i mi\u201c, kazao nam je zamjenik komandira Kosovske policije za region Sever, Veton Elj\u0161ani<\/p>\n","protected":false},"author":1,"featured_media":0,"comment_status":"open","ping_status":"closed","sticky":false,"template":"","format":"standard","meta":{"_seopress_robots_primary_cat":"none","_seopress_titles_title":"","_seopress_titles_desc":"","_seopress_robots_index":"","_et_pb_use_builder":"","_et_pb_old_content":"","_et_gb_content_width":"","inline_featured_image":false,"footnotes":""},"categories":[14],"tags":[],"class_list":["post-380447","post","type-post","status-publish","format-standard","hentry","category-vijesti"],"_links":{"self":[{"href":"https:\/\/www.pcnen.com\/portal\/wp-json\/wp\/v2\/posts\/380447","targetHints":{"allow":["GET"]}}],"collection":[{"href":"https:\/\/www.pcnen.com\/portal\/wp-json\/wp\/v2\/posts"}],"about":[{"href":"https:\/\/www.pcnen.com\/portal\/wp-json\/wp\/v2\/types\/post"}],"author":[{"embeddable":true,"href":"https:\/\/www.pcnen.com\/portal\/wp-json\/wp\/v2\/users\/1"}],"replies":[{"embeddable":true,"href":"https:\/\/www.pcnen.com\/portal\/wp-json\/wp\/v2\/comments?post=380447"}],"version-history":[{"count":3,"href":"https:\/\/www.pcnen.com\/portal\/wp-json\/wp\/v2\/posts\/380447\/revisions"}],"predecessor-version":[{"id":380453,"href":"https:\/\/www.pcnen.com\/portal\/wp-json\/wp\/v2\/posts\/380447\/revisions\/380453"}],"wp:attachment":[{"href":"https:\/\/www.pcnen.com\/portal\/wp-json\/wp\/v2\/media?parent=380447"}],"wp:term":[{"taxonomy":"category","embeddable":true,"href":"https:\/\/www.pcnen.com\/portal\/wp-json\/wp\/v2\/categories?post=380447"},{"taxonomy":"post_tag","embeddable":true,"href":"https:\/\/www.pcnen.com\/portal\/wp-json\/wp\/v2\/tags?post=380447"}],"curies":[{"name":"wp","href":"https:\/\/api.w.org\/{rel}","templated":true}]}}