{"id":380441,"date":"2023-09-24T12:33:22","date_gmt":"2023-09-24T10:33:22","guid":{"rendered":"https:\/\/www.pcnen.com\/portal\/?p=380441"},"modified":"2023-09-24T12:50:04","modified_gmt":"2023-09-24T10:50:04","slug":"napeta-situacija-na-sjeveru-kosova","status":"publish","type":"post","link":"https:\/\/www.pcnen.com\/portal\/2023\/09\/24\/napeta-situacija-na-sjeveru-kosova\/","title":{"rendered":"Napeta situacija na sjeveru Kosova"},"content":{"rendered":"<p>Kosovski premijer Aljbin Kurti i predsjednica Kosova Vjosa Osmani su optu\u017eili\u00a0 &#8220;srpske kriminalne bande&#8221; za napad na policajce, od kojih je jedan podlegao povredama.<\/p>\n<p>Kurti je novinarima pokazao i fotografije naoru\u017eanih napada\u010da.<\/p>\n<p><img decoding=\"async\" class=\"aligncenter\" src=\"https:\/\/www.danas.rs\/wp-content\/uploads\/2023\/09\/888-1-600x360-1-e1695552211636.jpg\" \/><\/p>\n<p>Na sjeveru Kosova situacije je napeta, a sa terena sti\u017eu vijesti da se specijalci Kosovske policije sa dugim cijevima nalaze i u Sjevernoj Mitrovici, izve\u0161tava kosovo-online.com.<\/p>\n<p>Administrativni prelaz Jarinje od jutros je zatvoren iz pravca Ra\u0161ke ka Leposavi\u0107u, naoru\u017eani policajci i oklopna vozila nalaze se na magistralnom putu.<\/p>\n<p>Eparhija ra\u0161ko-prizrenska oglasila se <a href=\"https:\/\/eparhija-prizren.com\/sr\/saopstenja\/saopshtene-eparhije-povodom-deshavana-u-banskoj\/\" target=\"_blank\" rel=\"noopener\">saop\u0161tenjem<\/a> u kojem navodi da najo\u0161trije osu\u0111uje najnoviji napad koji se dogodio jutros na sjeveru Kosova, i poru\u010dila da je &#8220;grupa naoru\u017eanih, maskiranih ljudi, upala blindiranim vozilom u sam manastir, pri \u010demu su provalili manastirsku zaklju\u010danu kapiju&#8221;.<\/p>\n<blockquote class=\"twitter-tweet\" data-width=\"550\" data-dnt=\"true\">\n<p lang=\"en\" dir=\"ltr\">URGENT STATEMENT OF THE <a href=\"https:\/\/twitter.com\/hashtag\/SERBIAN?src=hash&amp;ref_src=twsrc%5Etfw\">#SERBIAN<\/a> <a href=\"https:\/\/twitter.com\/hashtag\/ORTHODOX?src=hash&amp;ref_src=twsrc%5Etfw\">#ORTHODOX<\/a> <a href=\"https:\/\/twitter.com\/hashtag\/CHURCH?src=hash&amp;ref_src=twsrc%5Etfw\">#CHURCH<\/a> (SOC) regarding the latest armed incident in North <a href=\"https:\/\/twitter.com\/hashtag\/Kosovo?src=hash&amp;ref_src=twsrc%5Etfw\">#Kosovo<\/a><a href=\"https:\/\/t.co\/9jL5wgpuFg\">https:\/\/t.co\/9jL5wgpuFg<\/a><\/p>\n<p>The Ra\u0161ka-Prizren Diocese (SOC) vehemently condemns the attack that took place this morning in northern Kosovo near the village of Banjska,\u2026 <a href=\"https:\/\/t.co\/GQN8bDeFTG\">pic.twitter.com\/GQN8bDeFTG<\/a><\/p>\n<p>&mdash; De\u010dani Monastery (@DecaniMonastery) <a href=\"https:\/\/twitter.com\/DecaniMonastery\/status\/1705888152634655173?ref_src=twsrc%5Etfw\">September 24, 2023<\/a><\/p><\/blockquote>\n<p><script async src=\"https:\/\/platform.twitter.com\/widgets.js\" charset=\"utf-8\"><\/script><\/p>\n<p>Prema informacijama pri\u0161tinskih medija, na Kosovo je do\u0161ao i specijalni izaslanik EU za dijalog Miroslav Laj\u010dak.<\/p>\n<blockquote class=\"wp-embedded-content\" data-secret=\"MslIEMMa4b\"><p><a href=\"https:\/\/www.pcnen.com\/portal\/2023\/09\/24\/kosovo-ubijen-policajac-zatvoreni-prelazi-%d1%98arinje-i-brnjak\/\">Kosovo: Ubijen policajac, zatvoreni prelazi \u0408arinje i Brnjak<\/a><\/p><\/blockquote>\n<p><iframe loading=\"lazy\" class=\"wp-embedded-content\" sandbox=\"allow-scripts\" security=\"restricted\" style=\"position: absolute; clip: rect(1px, 1px, 1px, 1px);\" title=\"&#8220;Kosovo: Ubijen policajac, zatvoreni prelazi \u0408arinje i Brnjak&#8221; &#8212; PCNEN\" src=\"https:\/\/www.pcnen.com\/portal\/2023\/09\/24\/kosovo-ubijen-policajac-zatvoreni-prelazi-%d1%98arinje-i-brnjak\/embed\/#?secret=MI6hLy268T#?secret=MslIEMMa4b\" data-secret=\"MslIEMMa4b\" width=\"600\" height=\"338\" frameborder=\"0\" marginwidth=\"0\" marginheight=\"0\" scrolling=\"no\"><\/iframe><\/p>\n","protected":false},"excerpt":{"rendered":"<p>Kosovski premijer Aljbin Kurti i predsjednica Kosova Vjosa Osmani su optu\u017eili\u00a0 &#8220;srpske kriminalne bande&#8221; za napad na policajce, od kojih je jedan podlegao povredama.<\/p>\n","protected":false},"author":1,"featured_media":332317,"comment_status":"open","ping_status":"closed","sticky":false,"template":"","format":"standard","meta":{"_seopress_robots_primary_cat":"none","_seopress_titles_title":"","_seopress_titles_desc":"","_seopress_robots_index":"","_et_pb_use_builder":"","_et_pb_old_content":"","_et_gb_content_width":"","inline_featured_image":false,"footnotes":""},"categories":[14],"tags":[],"class_list":["post-380441","post","type-post","status-publish","format-standard","has-post-thumbnail","hentry","category-vijesti"],"_links":{"self":[{"href":"https:\/\/www.pcnen.com\/portal\/wp-json\/wp\/v2\/posts\/380441","targetHints":{"allow":["GET"]}}],"collection":[{"href":"https:\/\/www.pcnen.com\/portal\/wp-json\/wp\/v2\/posts"}],"about":[{"href":"https:\/\/www.pcnen.com\/portal\/wp-json\/wp\/v2\/types\/post"}],"author":[{"embeddable":true,"href":"https:\/\/www.pcnen.com\/portal\/wp-json\/wp\/v2\/users\/1"}],"replies":[{"embeddable":true,"href":"https:\/\/www.pcnen.com\/portal\/wp-json\/wp\/v2\/comments?post=380441"}],"version-history":[{"count":5,"href":"https:\/\/www.pcnen.com\/portal\/wp-json\/wp\/v2\/posts\/380441\/revisions"}],"predecessor-version":[{"id":380455,"href":"https:\/\/www.pcnen.com\/portal\/wp-json\/wp\/v2\/posts\/380441\/revisions\/380455"}],"wp:featuredmedia":[{"embeddable":true,"href":"https:\/\/www.pcnen.com\/portal\/wp-json\/wp\/v2\/media\/332317"}],"wp:attachment":[{"href":"https:\/\/www.pcnen.com\/portal\/wp-json\/wp\/v2\/media?parent=380441"}],"wp:term":[{"taxonomy":"category","embeddable":true,"href":"https:\/\/www.pcnen.com\/portal\/wp-json\/wp\/v2\/categories?post=380441"},{"taxonomy":"post_tag","embeddable":true,"href":"https:\/\/www.pcnen.com\/portal\/wp-json\/wp\/v2\/tags?post=380441"}],"curies":[{"name":"wp","href":"https:\/\/api.w.org\/{rel}","templated":true}]}}