{"id":380205,"date":"2023-09-21T11:32:00","date_gmt":"2023-09-21T09:32:00","guid":{"rendered":"https:\/\/www.pcnen.com\/portal\/?p=380205"},"modified":"2023-09-21T14:10:12","modified_gmt":"2023-09-21T12:10:12","slug":"u-botunu-pronadjen-dio-opreme-kopaca-tunela","status":"publish","type":"post","link":"https:\/\/www.pcnen.com\/portal\/2023\/09\/21\/u-botunu-pronadjen-dio-opreme-kopaca-tunela\/","title":{"rendered":"U Botunu prona\u0111en dio opreme kopa\u010da tunela"},"content":{"rendered":"<p>Dio alata i rukavice koji su, najvjerovatnije, koristili \u201crudari\u201d koji su provalili u sudski depo, prona\u0111eni su ju\u010de u Botunu,<a href=\"https:\/\/www.vijesti.me\/vijesti\/crna-hronika\/674517\/i-opremu-rudara-koji-su-provalili-u-depo-viseg-suda-pronasli-u-botunu\"> saznaju Vijesti.<\/a><\/p>\n<p>Prema istim informacijama, ti dokazi otkriveni su \u0161irom pretragom terena na kom je nedavno zaplijenjen i kombi koji su koristili.<\/p>\n<p>Prvi krupni trag u tom slu\u010daju &#8211; kombi koji su koristili osumnji\u010deni, policajci su prona\u0161li 13. septembra. Dan kasnije i stan u podgori\u010dkom naselju Zabjelo, gdje im je navodno bila baza&#8230;<\/p>\n<p>U dosada\u0161njoj istrazi, kojom rukovodi podgori\u010dko Osnovno dr\u017eavno tu\u017eila\u0161tvo, osumnji\u010deno je najmanje devet, me\u0111u kojima je i jedna \u017eenska osoba.<\/p>\n<p>Istra\u017eitelji su utvrdili da je ona, koriste\u0107i falsifikovana dokumenta, iznajmila prostor u suterenu zgrade u Njego\u0161evoj ulici, odakle je prokopan 30 metara dug tunel do sudskog depoa.<\/p>\n<p>U me\u0111uvremenu, istra\u017eitelji su dobili preliminarne nalaze vje\u0161ta\u010denja tragova prona\u0111enih u tom i stanu na Zabjelu, tunelu, sudskom depou i zaplijenjenom kombiju.<\/p>\n<p>Nakon \u0161to su im stigli DNK tragovi, po\u010delo je upore\u0111ivanje sa lokalnim i bazama policija regiona.<\/p>\n<p>\u201cVijestima\u201d je nezvani\u010dno re\u010deno da su osumnji\u010deni najvjerovatnije strani dr\u017eavljani, ali da je poslodavac gotovo sigurno neko iz doma\u0107ih organizovanih kriminalnih grupa.<\/p>\n<p><a href=\"https:\/\/www.pcnen.com\/portal\/?s=tunel\">VEZANE VIJESTI<\/a><\/p>\n","protected":false},"excerpt":{"rendered":"<p>Dio alata i rukavice koji su, najvjerovatnije, koristili \u201crudari\u201d koji su provalili u sudski depo, prona\u0111eni su ju\u010de u Botunu, saznaju Vijesti.<\/p>\n","protected":false},"author":1,"featured_media":379449,"comment_status":"open","ping_status":"closed","sticky":false,"template":"","format":"standard","meta":{"_seopress_robots_primary_cat":"none","_seopress_titles_title":"","_seopress_titles_desc":"","_seopress_robots_index":"","_et_pb_use_builder":"","_et_pb_old_content":"","_et_gb_content_width":"","inline_featured_image":false,"footnotes":""},"categories":[14],"tags":[],"class_list":["post-380205","post","type-post","status-publish","format-standard","has-post-thumbnail","hentry","category-vijesti"],"_links":{"self":[{"href":"https:\/\/www.pcnen.com\/portal\/wp-json\/wp\/v2\/posts\/380205","targetHints":{"allow":["GET"]}}],"collection":[{"href":"https:\/\/www.pcnen.com\/portal\/wp-json\/wp\/v2\/posts"}],"about":[{"href":"https:\/\/www.pcnen.com\/portal\/wp-json\/wp\/v2\/types\/post"}],"author":[{"embeddable":true,"href":"https:\/\/www.pcnen.com\/portal\/wp-json\/wp\/v2\/users\/1"}],"replies":[{"embeddable":true,"href":"https:\/\/www.pcnen.com\/portal\/wp-json\/wp\/v2\/comments?post=380205"}],"version-history":[{"count":2,"href":"https:\/\/www.pcnen.com\/portal\/wp-json\/wp\/v2\/posts\/380205\/revisions"}],"predecessor-version":[{"id":380209,"href":"https:\/\/www.pcnen.com\/portal\/wp-json\/wp\/v2\/posts\/380205\/revisions\/380209"}],"wp:featuredmedia":[{"embeddable":true,"href":"https:\/\/www.pcnen.com\/portal\/wp-json\/wp\/v2\/media\/379449"}],"wp:attachment":[{"href":"https:\/\/www.pcnen.com\/portal\/wp-json\/wp\/v2\/media?parent=380205"}],"wp:term":[{"taxonomy":"category","embeddable":true,"href":"https:\/\/www.pcnen.com\/portal\/wp-json\/wp\/v2\/categories?post=380205"},{"taxonomy":"post_tag","embeddable":true,"href":"https:\/\/www.pcnen.com\/portal\/wp-json\/wp\/v2\/tags?post=380205"}],"curies":[{"name":"wp","href":"https:\/\/api.w.org\/{rel}","templated":true}]}}