{"id":379922,"date":"2023-09-18T13:31:26","date_gmt":"2023-09-18T11:31:26","guid":{"rendered":"https:\/\/www.pcnen.com\/portal\/?p=379922"},"modified":"2023-09-18T13:32:20","modified_gmt":"2023-09-18T11:32:20","slug":"skandalozno-podrzavanje","status":"publish","type":"post","link":"https:\/\/www.pcnen.com\/portal\/2023\/09\/18\/skandalozno-podrzavanje\/","title":{"rendered":"Skandalozno podr\u017eavanje"},"content":{"rendered":"<blockquote><p><strong>Pi\u0161e: Omer \u0160ARKI\u0106<\/strong><\/p><\/blockquote>\n<p>Ne\u0107u o tunelu. Du\u017ee od trideset godina pi\u0161em i borim se protiv polti\u010dkog podzemlja koje je izgradilo lavirint tunela \u2013 d\u017eaba. Kada smo iza\u0161li iz prvog, do\u010dekao nas je drugi, mo\u017eda jo\u0161 mra\u010dniji, opasniji i dublji. Zato sve rje\u0111e pi\u0161em, nemam vi\u0161e volje ni da se borim. Nema ru\u017enijeg osje\u0107aja od onog da je sve bilo uzalud, da u Crnoj Gori jednostavno nema materijala da se iza\u0111e iz tunela (mno\u017eina).<\/p>\n<p>U dubokoj sjenci sudskog(ih) tunela, kao so na ranu \u010ditam seriju \u201cpravodljubljivih\u201d saop\u0161tenja 21 NVO na \u010delu sa Centrom za gra\u0111ansko obrazovanje i Akcijom za ljudska prava u kojim izra\u017eavaju \u201csna\u017ean protest\u201d zbog odluke Vlade u beskona\u010dnom tehni\u010dkom mandatu da pru\u017ei podr\u0161ku Saudijskoj Arabiji u organiziji\u00a0 svjetske izlo\u017ebe EXPO. Tu podr\u0161ku je ova grupa NVO nazvala \u201cskandaloznim podr\u017eavanjem Saudijske Arabije\u201d. Pored CGO, HRA, CIN-a, CeMI-ja, \u00a0me\u0111u ove 21 nevladine organizacije polovina njih u svome imenu imaju borbu za ljudska prava.<\/p>\n<p>Ove NVO isti\u010du, citiram:<\/p>\n<blockquote><p><em>\u201cU periodu izme\u0111u marta 2022. i juna 2023. godine saudijski grani\u010dari su ubili na stotine etiopskih migranata koji su poku\u0161avali da pre\u0111u granicu iz Jemena. Me\u0111u njima su bili i \u017eene i djeca (Human Rights Watch). Koalicija dr\u017eava koju predvodi SA u Jemenu, ve\u0107 godinama, ratuje uz kr\u0161enje me\u0111unarodnog humanitarnog prava. Civilne \u017ertve je posebno prouzrokovalo bezobzirno bombardovanje sude\u0107i i po izvje\u0161tajima nezavisne grupe eksperata koju su anga\u017eovale UN (Human Rights Watch; Group of Eminent International and Regional Experts on Yemen). U oktobru 2018. godine, u konzulatu SA u Istanbulu ubijen je D\u017eamal Ka\u0161ogi, 58-godi\u0161nji novinar sa prebivali\u0161tem u Americi, kolumnista Va\u0161ington posta, borac za demokratiju i kriti\u010dar princa Muhameda bin Salmana. Agenti SA su Ka\u0161ogija drogirali, ubili, a zatim raskomadali njegovo tijelo\u2026<\/em><\/p><\/blockquote>\n<p>Sve ovo \u0161to navodi grupa NVO o re\u017eimu u Rijadu je istina, stoga podr\u0161ka na\u0161e Vlade da Rijad, a ne Rim, organizuje EXPO jeste vi\u0161e nego problemati\u010dna.<\/p>\n<p>U \u010demu je onda problem?<\/p>\n<p>U licemjerstvu i dvojnim ar\u0161inima.<\/p>\n<p>Naime, SAD, koje se predstavljaju \u0161ampionom demokratije i najve\u0107im svjetskim borcem za ljudska prava su tako\u0111e podr\u017eale Saudijsku Arabiju u organizaciju EXPO. Rijad je decenijama glavni i najbliskiji saveznik Va\u0161ingtona na Bliskom istoku. Pre\u0107utno su podr\u017eale\u00a0 bjesomu\u010dno bombradovanje Jemena, a ni monstruozno ubistvo Ka\u0161ogija, koji je bio ameri\u010dki dr\u017eavljanin saudijskog porijekla, nije bitno poremetilo odnose Vlade SAD sa re\u017eimom u Rijadu. Ve\u0107ini ovih nevladinih organizacija jedan od donatora je Vlada SAD, \u010desto su na prijemima u ameri\u010dkoj ambasadi. Nikada nijesu prigovorili, kamoli izdali neko, makar blago, saop\u0161tenje u kome zamjeraju vladi SAD na konstantnoj podr\u0161ci i bliskom savezni\u0161tvu sa re\u017eimom u Rijadu, kojeg su opisali tako kako su ga opisali.<\/p>\n<p>A kako izgleda ta \u201cprincipijelnost\u201d dijela NVO sektora koji se \u201cubi od borbe za ljudska prava\u201d, slikovito pokazuje i slede\u0107i primjer:<\/p>\n<p>Krajem 2017. godine \u201cludi Tramp(?)\u201d je u ime re\u017eima u Va\u0161ingtonu odlu\u010dio da prizna Jerusalim za glavni grad Izraela, nagra\u0111uju\u0107i time Izrael za okupaciju i brutalno kr\u0161enje ljudskih prava \u2013 kako to u svojim izvje\u0161tajima redovno opisuju Hjuman rajts vo\u010d i Amensti interne\u0161enel. Takvo priznanje Vlade SAD, osim \u0161to je protivno rezolucijama UN, znalo se, bi\u0107e novi fitilj za naru\u0161avanje krhkog mira izme\u0111u Izraela i Plaestine &#8211; \u0161to se i desilo. Palestinci su poslije takve odluke va\u0161instonskog re\u017eima iza\u0161li na proteste, koje je izraleska vojska u krvi ugu\u0161ila \u2013 bilo je desetine mrtvih Palestinaca. Zbog svega navedenog, organizovao sam miran protest ispred ameri\u010dke ambasade u Podgorici. Niko od gore potpisanih nevladinih organizacija ga nije podr\u017eao, iako je u pitanju bilo kr\u0161enje me\u0111unarodnog prava, uz brutalno kr\u0161enja ljudskih prava. Bu\u010dnija je bila tada\u0161nja njihova \u0161utnja od trenutne buke povodom organizacije EXPO.<\/p>\n<p>Dvadesetak dana poslije tog protesta zasijedala je Generalna Skup\u0161tine UN koja je ogromnom ve\u0107inom dr\u017eava \u010dlanica osudila navedeni potez SAD, uprkos velikom pritisku, \u010dak prijetnjama \u010dlanicama UN da ne smiju glasati za rezoluciju kojom se osu\u0111uje priznanje Jerusalima za glavni grad Izraela. Dakle, i Generalna Skup\u0161tina UN je na neki na\u010din \u201cpodr\u017eala\u201d ovaj protest, ali na\u0161e NVO ne da nijesu, nego se nijesu oglasile ni da me za\u0161tite od targetiranja od strane ameri\u010dke ambasade koja je izdala upozerenje ameri\u010dkim gra\u0111anima da izbjegavaju Podgoricu ili, ako su u njoj, da ne napu\u0161taju hotele, zbog najavljenog protesta \u201ckoji mo\u017ee biti nasilan\u201d, iako sva javnost zna da su svi protesti koje sam organizovao \u2013 a nije ih bilo malo, bili nenasilni i mirni, protiv odluka ili \u010dinjenja vlade(a) a ne protiv njenih gra\u0111ana. Iako sam se osje\u0107ao kranje neprijatno, donekle i upla\u0161eno poslije takvog upozorenja izdatog od strane ameri\u010dke ambasade \u2013 koja je strah i\u00a0 trepet u Crnoj Gori, ni \u201cslobodni mediji\u201d \u2013 kojih je Crna Gora puna, osim PCNEN-a, nijesu prenijeli moje reagovanje da ameri\u010dki gra\u0111ani u Crnoj Gori ne treba da brinu, jer protest nije uperen protiv njih ve\u0107 odluke vlade SAD, te da \u0107e protest biti dostajanstven i miran.<\/p>\n<p>Da zaklju\u010dim:<\/p>\n<p>Me\u0111unarodno pravo i ljudska prava su univerzalne kategorije koje ne zavise od ja\u010dine i mo\u0107i onog koji ih kr\u0161i. Istinski borci za ljudska prava reaguju na njihovo kr\u0161enje bez obzira ko ih kr\u0161io, makar to bio njihov donator ili bliski im saveznik. Selektivna dreka protiv onih koji kr\u0161e ljudska prava uslovljena donacijama i donatorom,\u00a0 najgora je \u00a0diskvalifacija onih koje se za njih kao bore.<\/p>\n","protected":false},"excerpt":{"rendered":"<p>U dubokoj sjenci sudskog(ih) tunela, kao so na ranu \u010ditam seriju \u201cpravodljubljivih\u201d saop\u0161tenja 21 NVO na \u010delu sa Centrom za gra\u0111ansko obrazovanje i Akcijom za ljudska prava u kojim izra\u017eavaju \u201csna\u017ean protest\u201d zbog odluke Vlade u beskona\u010dnom tehni\u010dkom mandatu da pru\u017ei podr\u0161ku Saudijskoj Arabiji u organiziji\u00a0 svjetske izlo\u017ebe EXPO<\/p>\n","protected":false},"author":12,"featured_media":379928,"comment_status":"open","ping_status":"closed","sticky":false,"template":"","format":"standard","meta":{"_seopress_robots_primary_cat":"none","_seopress_titles_title":"","_seopress_titles_desc":"","_seopress_robots_index":"","_et_pb_use_builder":"","_et_pb_old_content":"","_et_gb_content_width":"","inline_featured_image":false,"footnotes":""},"categories":[17],"tags":[],"class_list":["post-379922","post","type-post","status-publish","format-standard","has-post-thumbnail","hentry","category-blogovi"],"_links":{"self":[{"href":"https:\/\/www.pcnen.com\/portal\/wp-json\/wp\/v2\/posts\/379922","targetHints":{"allow":["GET"]}}],"collection":[{"href":"https:\/\/www.pcnen.com\/portal\/wp-json\/wp\/v2\/posts"}],"about":[{"href":"https:\/\/www.pcnen.com\/portal\/wp-json\/wp\/v2\/types\/post"}],"author":[{"embeddable":true,"href":"https:\/\/www.pcnen.com\/portal\/wp-json\/wp\/v2\/users\/12"}],"replies":[{"embeddable":true,"href":"https:\/\/www.pcnen.com\/portal\/wp-json\/wp\/v2\/comments?post=379922"}],"version-history":[{"count":4,"href":"https:\/\/www.pcnen.com\/portal\/wp-json\/wp\/v2\/posts\/379922\/revisions"}],"predecessor-version":[{"id":379931,"href":"https:\/\/www.pcnen.com\/portal\/wp-json\/wp\/v2\/posts\/379922\/revisions\/379931"}],"wp:featuredmedia":[{"embeddable":true,"href":"https:\/\/www.pcnen.com\/portal\/wp-json\/wp\/v2\/media\/379928"}],"wp:attachment":[{"href":"https:\/\/www.pcnen.com\/portal\/wp-json\/wp\/v2\/media?parent=379922"}],"wp:term":[{"taxonomy":"category","embeddable":true,"href":"https:\/\/www.pcnen.com\/portal\/wp-json\/wp\/v2\/categories?post=379922"},{"taxonomy":"post_tag","embeddable":true,"href":"https:\/\/www.pcnen.com\/portal\/wp-json\/wp\/v2\/tags?post=379922"}],"curies":[{"name":"wp","href":"https:\/\/api.w.org\/{rel}","templated":true}]}}