{"id":379460,"date":"2023-09-13T16:25:15","date_gmt":"2023-09-13T14:25:15","guid":{"rendered":"https:\/\/www.pcnen.com\/portal\/?p=379460"},"modified":"2023-09-13T16:25:15","modified_gmt":"2023-09-13T14:25:15","slug":"sest-osoba-kopalo-tunel-ispod-viseg-suda","status":"publish","type":"post","link":"https:\/\/www.pcnen.com\/portal\/2023\/09\/13\/sest-osoba-kopalo-tunel-ispod-viseg-suda\/","title":{"rendered":"\u0160est osoba kopalo tunel ispod Vi\u0161eg suda"},"content":{"rendered":"<p>Sa sjednice Biroa za operativnu koordinaciju organa obavje\u0161tajno-bezbjednosnog sektora saop\u0161teno je da policija tra\u017ei \u0161est osoba zbog sumnje da su u\u010destvovala u kopanju tunela ispod Vi\u0161eg suda.<\/p>\n<p>&#8220;Na \u0161estoj sjednici Biroa za operativnu koordinaciju kojom je rukovodio ministar pravde i koordinator Biroa Marko Kova\u010d, a kojoj su pored \u010dlanova Biroa, po pozivu prisustvovali predsjednik Vi\u0161eg suda u Podgorici gdin Boris Savi\u0107 i ministar unutra\u0161njih poslova gdin Filip Ad\u017ei\u0107, razmatrana su pitanja bezbjednosti i mjera za\u0161tite objekata i prostorija organa za sprovo\u0111enje zakona, sa posebnim fokusom na doga\u0111aj u vezi depoa Vi\u0161eg suda u Podgorici&#8221;, navodi se u saop\u0161tenju.<\/p>\n<p>Na osnovu prikupljenih informacija,\u00a0 Biro za operativnu koordinaciju je u odnosu na trenutno najaktuelniju temu \u2013 obijanje depoa Vi\u0161eg suda u Podgorici, konstatovao da se radi o najzna\u010dajnijem i najopasnijem udaru na institucije dr\u017eave i pravosudni sistem.<\/p>\n<p>&#8220;Zaklju\u010deno je da je rije\u010d o aktivnostima sa visokim nivom organizacije i profesionalizma, koja je podrazumijevala u\u010de\u0161\u0107e ve\u0107eg broja lica razli\u010dite profilacije&#8221;, navode iz Biroa za operativnu koordinaciju.<\/p>\n<p>Konstatovano je, navode, da su nadle\u017eni dr\u017eavni organi u kratkom roku preduzeli sve potrebne aktivnosti na planu utvr\u0111ivanja svih okolnosti i \u010dinjenica vezanih za predmetni doga\u0111aj, kao i identifikaciju i pronala\u017eenje lica koja su u\u010destvovala u istom.<\/p>\n<p>&#8220;S tim u vezi, preduzete aktivnosti rezultirale su pronalskom vi\u0161e tragova, koji \u0107e biti predmet dalje obrade i vje\u0161ta\u010denja, a ujedno ukazujemo i da se trenutno preduzimaju intenzivne aktivnosti na identifikaciji \u0161est lica za koja se osnovano sumnja da su u\u010destvovala u ovom doga\u0111aju&#8221;, isti\u010de se u saop\u0161tenju.<\/p>\n<p>Obja\u0161njavaju da paralelno sa navedenim aktivnostima, preduzimaju se i aktivnosti na pronala\u017eenju nalogodavaca ovog kriminalnog poduhvata.<\/p>\n<p>&#8220;Ipak, uzimaju\u0107i u obzir ozbiljnost aktuelne situacije i mogu\u0107e posljedice, shodno odredbama Zakona o osnovama obavje\u0161tajno bezbjednosnog sektora, Biro za operativnu koordinaciju je ukazao na obavezu hitnog inteziviranja svih aktivnosti organa obavje\u0161tajno bezbjednosnog sektora u cilju za\u0161tite vitalnih interesa dr\u017eavnih institucija&#8221;, navode iz Biroa za operativnu koordinaciju.<\/p>\n<p>Isti\u010du da je konstatovano i da je lokacija na kojoj se nalazi zgrada u kojoj je smje\u0161ten Vi\u0161i sud, i pored viskog stepena mjera fizi\u010dko \u2013 tehni\u010dkog obezbje\u0111enja same zgrade, veoma kompleksna sa aspekta razli\u010ditih bezbjednosnih rizika, te da se u odnosu na navedeno aktivno radi na trajnom rje\u0161avanju i obezbje\u0111enju prostornih i infrastukturnih kapaciteta za potrebe sudskih i tu\u017eila\u010dkih instanci.<\/p>\n<p>&#8220;U me\u0111uvremenu, neophodno je da se preduzmu dodatne mjera tehni\u010dkog i drugih vidova obezbje\u0111enja zgrade u kojoj se nalazi Vi\u0161i sud u Podgorici.<br \/>\nNa kraju VI sjednice, zaklju\u010deno je da \u0107e organi za sprovo\u0111enje zakona, zajedni\u010dkim naporima, odlu\u010dno stati u za\u0161titu dr\u017eavnih interesa i pred lice pravde izvesti sva lica koja su u\u010destovala u ovom kriminalnom poduhvatu&#8221;, zaklju\u010duje se u saop\u0161tenju.<\/p>\n<blockquote class=\"wp-embedded-content\" data-secret=\"VO1mxZ9c6T\"><p><a href=\"https:\/\/www.pcnen.com\/portal\/2023\/09\/13\/sluzbe-bezbijednosti-danas-o-tunelu-ispod-suda\/\">Slu\u017ebe bezbijednosti danas o tunelu ispod suda<\/a><\/p><\/blockquote>\n<p><iframe loading=\"lazy\" class=\"wp-embedded-content\" sandbox=\"allow-scripts\" security=\"restricted\" style=\"position: absolute; clip: rect(1px, 1px, 1px, 1px);\" title=\"&#8220;Slu\u017ebe bezbijednosti danas o tunelu ispod suda&#8221; &#8212; PCNEN\" src=\"https:\/\/www.pcnen.com\/portal\/2023\/09\/13\/sluzbe-bezbijednosti-danas-o-tunelu-ispod-suda\/embed\/#?secret=FdiHIBMUOg#?secret=VO1mxZ9c6T\" data-secret=\"VO1mxZ9c6T\" width=\"600\" height=\"338\" frameborder=\"0\" marginwidth=\"0\" marginheight=\"0\" scrolling=\"no\"><\/iframe><\/p>\n","protected":false},"excerpt":{"rendered":"<p>Sa sjednice Biroa za operativnu koordinaciju organa obavje\u0161tajno-bezbjednosnog sektora saop\u0161teno je da policija tra\u017ei \u0161est osoba zbog sumnje da su u\u010destvovala u kopanju tunela ispod Vi\u0161eg suda.<\/p>\n","protected":false},"author":1,"featured_media":379446,"comment_status":"open","ping_status":"closed","sticky":false,"template":"","format":"standard","meta":{"_seopress_robots_primary_cat":"none","_seopress_titles_title":"","_seopress_titles_desc":"","_seopress_robots_index":"","_et_pb_use_builder":"","_et_pb_old_content":"","_et_gb_content_width":"","inline_featured_image":false,"footnotes":""},"categories":[14],"tags":[],"class_list":["post-379460","post","type-post","status-publish","format-standard","has-post-thumbnail","hentry","category-vijesti"],"_links":{"self":[{"href":"https:\/\/www.pcnen.com\/portal\/wp-json\/wp\/v2\/posts\/379460","targetHints":{"allow":["GET"]}}],"collection":[{"href":"https:\/\/www.pcnen.com\/portal\/wp-json\/wp\/v2\/posts"}],"about":[{"href":"https:\/\/www.pcnen.com\/portal\/wp-json\/wp\/v2\/types\/post"}],"author":[{"embeddable":true,"href":"https:\/\/www.pcnen.com\/portal\/wp-json\/wp\/v2\/users\/1"}],"replies":[{"embeddable":true,"href":"https:\/\/www.pcnen.com\/portal\/wp-json\/wp\/v2\/comments?post=379460"}],"version-history":[{"count":1,"href":"https:\/\/www.pcnen.com\/portal\/wp-json\/wp\/v2\/posts\/379460\/revisions"}],"predecessor-version":[{"id":379463,"href":"https:\/\/www.pcnen.com\/portal\/wp-json\/wp\/v2\/posts\/379460\/revisions\/379463"}],"wp:featuredmedia":[{"embeddable":true,"href":"https:\/\/www.pcnen.com\/portal\/wp-json\/wp\/v2\/media\/379446"}],"wp:attachment":[{"href":"https:\/\/www.pcnen.com\/portal\/wp-json\/wp\/v2\/media?parent=379460"}],"wp:term":[{"taxonomy":"category","embeddable":true,"href":"https:\/\/www.pcnen.com\/portal\/wp-json\/wp\/v2\/categories?post=379460"},{"taxonomy":"post_tag","embeddable":true,"href":"https:\/\/www.pcnen.com\/portal\/wp-json\/wp\/v2\/tags?post=379460"}],"curies":[{"name":"wp","href":"https:\/\/api.w.org\/{rel}","templated":true}]}}