{"id":379420,"date":"2023-09-13T10:05:59","date_gmt":"2023-09-13T08:05:59","guid":{"rendered":"https:\/\/www.pcnen.com\/portal\/?p=379420"},"modified":"2023-09-13T10:06:27","modified_gmt":"2023-09-13T08:06:27","slug":"sluzbe-bezbijednosti-danas-o-tunelu-ispod-suda","status":"publish","type":"post","link":"https:\/\/www.pcnen.com\/portal\/2023\/09\/13\/sluzbe-bezbijednosti-danas-o-tunelu-ispod-suda\/","title":{"rendered":"Slu\u017ebe bezbijednosti danas o tunelu ispod suda"},"content":{"rendered":"<p>Sjednica Biroa za operativnu koordinaciju organa obavje\u0161tajnog bezbjednosnog sektora, u \u010dijem \u0107e fokusu biti doga\u0111aj u vezi sa depoom podgori\u010dkog Vi\u0161eg suda, bi\u0107e odr\u017eana danas, najavljeno je iz Ministarstva pravde.<\/p>\n<p>Iz Ministarstva su kazali da \u0107e glavna tema sjednice biti &#8220;bezbijednost i mjere za\u0161tite objekata i prostorija organa za sprovo\u0111enje zakona i \u010duvanje dokumentacije, sa posebnim fokusom na doga\u0111aj u vezi depoa Vi\u0161eg suda u Podgorici&#8221;.<\/p>\n<p>Biroom za operativnu koordinaciju organa obavje\u0161tajnog bezbjednosnog sektora predsjedava ministar pravde Marko Kova\u010d, prenosi Mina.<\/p>\n<p>Mediji su ju\u010de objavili da se sumnja da je obijen depo Vi\u0161eg suda u Podgorici, u kojem je samo u posljednje dvije godine smje\u0161teno devet i po tona raznih vrsta droga.<\/p>\n<p>&nbsp;<\/p>\n<blockquote class=\"wp-embedded-content\" data-secret=\"6RmYXKIrWV\"><p><a href=\"https:\/\/www.pcnen.com\/portal\/2023\/09\/12\/up-tunel-iz-depoa-viseg-suda-vodi-do-obliznjeg-stana\/\">UP: Tunel iz depoa Vi\u0161eg suda vodi do obli\u017enjeg stana<\/a><\/p><\/blockquote>\n<p><iframe loading=\"lazy\" class=\"wp-embedded-content\" sandbox=\"allow-scripts\" security=\"restricted\" style=\"position: absolute; clip: rect(1px, 1px, 1px, 1px);\" title=\"&#8220;UP: Tunel iz depoa Vi\u0161eg suda vodi do obli\u017enjeg stana&#8221; &#8212; PCNEN\" src=\"https:\/\/www.pcnen.com\/portal\/2023\/09\/12\/up-tunel-iz-depoa-viseg-suda-vodi-do-obliznjeg-stana\/embed\/#?secret=iV1ce7zZNJ#?secret=6RmYXKIrWV\" data-secret=\"6RmYXKIrWV\" width=\"600\" height=\"338\" frameborder=\"0\" marginwidth=\"0\" marginheight=\"0\" scrolling=\"no\"><\/iframe><\/p>\n","protected":false},"excerpt":{"rendered":"<p>Sjednica Biroa za operativnu koordinaciju organa obavje\u0161tajnog bezbjednosnog sektora, u \u010dijem \u0107e fokusu biti doga\u0111aj u vezi sa depoom podgori\u010dkog Vi\u0161eg suda, bi\u0107e odr\u017eana danas, najavljeno je iz Ministarstva pravde.<\/p>\n","protected":false},"author":1,"featured_media":379351,"comment_status":"open","ping_status":"closed","sticky":false,"template":"","format":"standard","meta":{"_seopress_robots_primary_cat":"none","_seopress_titles_title":"","_seopress_titles_desc":"","_seopress_robots_index":"","_et_pb_use_builder":"","_et_pb_old_content":"","_et_gb_content_width":"","inline_featured_image":false,"footnotes":""},"categories":[14],"tags":[],"class_list":["post-379420","post","type-post","status-publish","format-standard","has-post-thumbnail","hentry","category-vijesti"],"_links":{"self":[{"href":"https:\/\/www.pcnen.com\/portal\/wp-json\/wp\/v2\/posts\/379420","targetHints":{"allow":["GET"]}}],"collection":[{"href":"https:\/\/www.pcnen.com\/portal\/wp-json\/wp\/v2\/posts"}],"about":[{"href":"https:\/\/www.pcnen.com\/portal\/wp-json\/wp\/v2\/types\/post"}],"author":[{"embeddable":true,"href":"https:\/\/www.pcnen.com\/portal\/wp-json\/wp\/v2\/users\/1"}],"replies":[{"embeddable":true,"href":"https:\/\/www.pcnen.com\/portal\/wp-json\/wp\/v2\/comments?post=379420"}],"version-history":[{"count":2,"href":"https:\/\/www.pcnen.com\/portal\/wp-json\/wp\/v2\/posts\/379420\/revisions"}],"predecessor-version":[{"id":379424,"href":"https:\/\/www.pcnen.com\/portal\/wp-json\/wp\/v2\/posts\/379420\/revisions\/379424"}],"wp:featuredmedia":[{"embeddable":true,"href":"https:\/\/www.pcnen.com\/portal\/wp-json\/wp\/v2\/media\/379351"}],"wp:attachment":[{"href":"https:\/\/www.pcnen.com\/portal\/wp-json\/wp\/v2\/media?parent=379420"}],"wp:term":[{"taxonomy":"category","embeddable":true,"href":"https:\/\/www.pcnen.com\/portal\/wp-json\/wp\/v2\/categories?post=379420"},{"taxonomy":"post_tag","embeddable":true,"href":"https:\/\/www.pcnen.com\/portal\/wp-json\/wp\/v2\/tags?post=379420"}],"curies":[{"name":"wp","href":"https:\/\/api.w.org\/{rel}","templated":true}]}}