{"id":378463,"date":"2023-09-02T12:05:25","date_gmt":"2023-09-02T10:05:25","guid":{"rendered":"https:\/\/www.pcnen.com\/portal\/?p=378463"},"modified":"2023-09-02T12:05:25","modified_gmt":"2023-09-02T10:05:25","slug":"rukometasi-iz-burundija-nestali-u-hrvatskoj-nadjeni-u-belgiji","status":"publish","type":"post","link":"https:\/\/www.pcnen.com\/portal\/2023\/09\/02\/rukometasi-iz-burundija-nestali-u-hrvatskoj-nadjeni-u-belgiji\/","title":{"rendered":"Rukometa\u0161i iz Burundija nestali u Hrvatskoj na\u0111eni u Belgiji"},"content":{"rendered":"<p>Dvojica rukometa\u0161a Burundija koji su tokom Svjetskog kadetskog prvenstva u avgustu nestali u Hrvatskoj zatra\u017eili su azil u Belgiji, a postoji velika mogu\u0107nost da su jo\u0161 osmorica dr\u017eavljana Burundija koji su zatra\u017eili azil u toj dr\u017eavi rukometa\u0161i koji su nestali u Hrvatskoj, saop\u0161tila je hrvatska policija.<\/p>\n<p>Desetorica dr\u017eavljana Burundija nestala su 9. avgusta u Rijeci, tokom Svjetskog kadetskog prvenstva u rukometu, na kojem su se takmi\u010dili.<\/p>\n<p>Kako navodi hrvatska policija, policijskoj upravi primorsko-goranskoj 9. avgusta prijavljen je nestanak 10 mla\u0111ih mu\u0161karaca, koji su oti\u0161li iz studentskog centra u Rijeci, gdje su bili smje\u0161teni za vrijeme trajanja Svjetskog rukometnog kadetskog prvenstva.<\/p>\n<p>Hrvatska policija navodi da je dobila obavje\u0161tenje od belgijske slu\u017ebe za migracije da je 10 dr\u017eavljana Burundija, maloljetnika bez pratnje, u Belgiji zatra\u017eilo azil. Za sada je utvr\u0111eno da su dvojica od 10 dr\u017eavljana Burundija \u010dlanovi rukometne reprezentacije Burundija.<\/p>\n<p>\u201cNastavljamo intenzivnu saradnju sa slu\u017ebom za migracije Belgije u cilju utvr\u0111ivanja identiteta i ostalih dr\u017eavljana Burundija iz te grupe, s obzirom na to da je vidljiva podudarnost i postoji velika mogu\u0107nost da su i ostalih osam dr\u017eavljana Burundija upravo oni igra\u010di koji su samovoljno nezakonito napustili RH, a kako bi sekundarno migriraju\u0107i u Belgiji podnijeli zahtjev za azil\u201d, \u00a0navedeno je u saop\u0161tenju hrvatske policije.<\/p>\n<p><a href=\"https:\/\/www.pcnen.com\/portal\/?s=rukometa%C5%A1i+Burundi\">VEZANE VIJESTI<\/a><\/p>\n","protected":false},"excerpt":{"rendered":"<p>Dvojica rukometa\u0161a Burundija koji su tokom Svjetskog kadetskog prvenstva u avgustu nestali u Hrvatskoj zatra\u017eili su azil u Belgiji, a postoji velika mogu\u0107nost da su jo\u0161 osmorica dr\u017eavljana Burundija koji su zatra\u017eili azil u toj dr\u017eavi rukometa\u0161i koji su nestali u Hrvatskoj, saop\u0161tila je hrvatska policija.<\/p>\n","protected":false},"author":1,"featured_media":376261,"comment_status":"open","ping_status":"closed","sticky":false,"template":"","format":"standard","meta":{"_seopress_robots_primary_cat":"none","_seopress_titles_title":"","_seopress_titles_desc":"","_seopress_robots_index":"","_et_pb_use_builder":"","_et_pb_old_content":"","_et_gb_content_width":"","inline_featured_image":false,"footnotes":""},"categories":[14],"tags":[],"class_list":["post-378463","post","type-post","status-publish","format-standard","has-post-thumbnail","hentry","category-vijesti"],"_links":{"self":[{"href":"https:\/\/www.pcnen.com\/portal\/wp-json\/wp\/v2\/posts\/378463","targetHints":{"allow":["GET"]}}],"collection":[{"href":"https:\/\/www.pcnen.com\/portal\/wp-json\/wp\/v2\/posts"}],"about":[{"href":"https:\/\/www.pcnen.com\/portal\/wp-json\/wp\/v2\/types\/post"}],"author":[{"embeddable":true,"href":"https:\/\/www.pcnen.com\/portal\/wp-json\/wp\/v2\/users\/1"}],"replies":[{"embeddable":true,"href":"https:\/\/www.pcnen.com\/portal\/wp-json\/wp\/v2\/comments?post=378463"}],"version-history":[{"count":1,"href":"https:\/\/www.pcnen.com\/portal\/wp-json\/wp\/v2\/posts\/378463\/revisions"}],"predecessor-version":[{"id":378466,"href":"https:\/\/www.pcnen.com\/portal\/wp-json\/wp\/v2\/posts\/378463\/revisions\/378466"}],"wp:featuredmedia":[{"embeddable":true,"href":"https:\/\/www.pcnen.com\/portal\/wp-json\/wp\/v2\/media\/376261"}],"wp:attachment":[{"href":"https:\/\/www.pcnen.com\/portal\/wp-json\/wp\/v2\/media?parent=378463"}],"wp:term":[{"taxonomy":"category","embeddable":true,"href":"https:\/\/www.pcnen.com\/portal\/wp-json\/wp\/v2\/categories?post=378463"},{"taxonomy":"post_tag","embeddable":true,"href":"https:\/\/www.pcnen.com\/portal\/wp-json\/wp\/v2\/tags?post=378463"}],"curies":[{"name":"wp","href":"https:\/\/api.w.org\/{rel}","templated":true}]}}