{"id":37830,"date":"2010-08-10T20:46:43","date_gmt":"2010-08-10T20:46:43","guid":{"rendered":"http:\/\/www.pcnen.com\/portal\/?p=37830"},"modified":"2010-08-10T20:46:43","modified_gmt":"2010-08-10T20:46:43","slug":"novo-crnogorsko-udruzenje-u-lovcencu","status":"publish","type":"post","link":"https:\/\/www.pcnen.com\/portal\/2010\/08\/10\/novo-crnogorsko-udruzenje-u-lovcencu\/","title":{"rendered":"Novo crnogorsko udru\u017eenje u Lov\u0107encu"},"content":{"rendered":"<p>U Lov\u0107encu je osnovano Crnogorsko dru&scaron;tvo Lov\u0107en (CDL), koje je pristupilo Crnogorskom nacionalnom vije\u0107u iz Beograda radi unapre\u0111ivanja i jasnog definisanja polo\u017eaja crnogorske nacionalne zajednice u Srbiji, javila je TVCG.<\/p>\n<p>U Lov\u0107encu ve\u0107 djeluje Udru\u017eenje Crnogoraca Srbije <em>Krsta&scaron;<\/em>, \u010dije programsko odre\u0111enje podrazumijeva borbu za punu ravnopravnost crnogorske etni\u010dke zajednice sa ostalim zajednicama koje \u017eive u Vojvodini i Srbiji.<\/p>\n","protected":false},"excerpt":{"rendered":"<p>U Lov\u0107encu je osnovano Crnogorsko dru&scaron;tvo Lov\u0107en (CDL), koje je pristupilo Crnogorskom nacionalnom vije\u0107u iz Beograda radi unapre\u0111ivanja i jasnog definisanja polo\u017eaja crnogorske nacionalne zajednice u Srbiji, javila je TVCG. U Lov\u0107encu ve\u0107 djeluje Udru\u017eenje Crnogoraca Srbije Krsta&scaron;, \u010dije programsko odre\u0111enje podrazumijeva borbu za punu ravnopravnost crnogorske etni\u010dke zajednice sa ostalim zajednicama koje \u017eive u [&hellip;]<\/p>\n","protected":false},"author":1,"featured_media":0,"comment_status":"open","ping_status":"closed","sticky":false,"template":"","format":"standard","meta":{"_seopress_robots_primary_cat":"","_seopress_titles_title":"","_seopress_titles_desc":"","_seopress_robots_index":"","_et_pb_use_builder":"","_et_pb_old_content":"","_et_gb_content_width":"","inline_featured_image":false,"footnotes":""},"categories":[14],"tags":[],"class_list":["post-37830","post","type-post","status-publish","format-standard","hentry","category-vijesti"],"_links":{"self":[{"href":"https:\/\/www.pcnen.com\/portal\/wp-json\/wp\/v2\/posts\/37830","targetHints":{"allow":["GET"]}}],"collection":[{"href":"https:\/\/www.pcnen.com\/portal\/wp-json\/wp\/v2\/posts"}],"about":[{"href":"https:\/\/www.pcnen.com\/portal\/wp-json\/wp\/v2\/types\/post"}],"author":[{"embeddable":true,"href":"https:\/\/www.pcnen.com\/portal\/wp-json\/wp\/v2\/users\/1"}],"replies":[{"embeddable":true,"href":"https:\/\/www.pcnen.com\/portal\/wp-json\/wp\/v2\/comments?post=37830"}],"version-history":[{"count":0,"href":"https:\/\/www.pcnen.com\/portal\/wp-json\/wp\/v2\/posts\/37830\/revisions"}],"wp:attachment":[{"href":"https:\/\/www.pcnen.com\/portal\/wp-json\/wp\/v2\/media?parent=37830"}],"wp:term":[{"taxonomy":"category","embeddable":true,"href":"https:\/\/www.pcnen.com\/portal\/wp-json\/wp\/v2\/categories?post=37830"},{"taxonomy":"post_tag","embeddable":true,"href":"https:\/\/www.pcnen.com\/portal\/wp-json\/wp\/v2\/tags?post=37830"}],"curies":[{"name":"wp","href":"https:\/\/api.w.org\/{rel}","templated":true}]}}