{"id":37829,"date":"2010-08-10T20:19:20","date_gmt":"2010-08-10T20:19:20","guid":{"rendered":"http:\/\/www.pcnen.com\/portal\/?p=37829"},"modified":"2010-08-10T20:19:20","modified_gmt":"2010-08-10T20:19:20","slug":"tuzilastvo-bih-podiglo-cetiri-optuznice-za-genocid-u-srebrenici","status":"publish","type":"post","link":"https:\/\/www.pcnen.com\/portal\/2010\/08\/10\/tuzilastvo-bih-podiglo-cetiri-optuznice-za-genocid-u-srebrenici\/","title":{"rendered":"Tu\u017eila\u0161tvo BiH podiglo \u010detiri optu\u017enice za genocid u Srebrenici"},"content":{"rendered":"<p>Tu\u017eila&scaron;tvo BiH podiglo je optu\u017enicu protiv \u010detvorice biv&scaron;ih pripadnika 10. diverzantskog odreda G&Scaron; VRS, koji se terete za krivi\u010dno djelo genocida.<\/p>\n<p>Tu\u017eila&scaron;tvo Posebnog odjela za ratne zlo\u010dine BiH podigao je optu\u017enicu protiv Franca Kosa zvanog Slovenac i \u017duti, koristio se i imenom Branimir Manojlovi\u0107 (ro\u0111en 16. 7. 1966. godine u Celju, dr\u017eavljanin Slovenije s prijavljenim boravi&scaron;tem u Bijeljini, BiH, ima \u010din potporu\u010dnika iz Vojske Republike Srpske, ranije osu\u0111ivan, nalazi se u pritvoru), Stanka Koji\u0107a, zvani Geza, ranije se prezivao Savanovi\u0107 (ro\u0111en 23. 1. 1968. godine u Travniku, dr\u017eavljanin BiH i Srbije, ranije osu\u0111ivan, nalazi se u pritvoru), Vlastimira Golijana, ro\u0111enog 25. 10. 1974. godine u Kladnju, dr\u017eavljanin BiH, nalazi se u pritvoru), Zorana Goronje zvanog Zoka (ro\u0111enog 7. 9. 1971. godine u Bosanskom Novom, dr\u017eavljanin BiH, nalazi se u pritvoru), prenosi agencija <em>Fena<\/em>.<\/p>\n<p>\u010cetvorica optu\u017eenih, izme\u0111u ostalog, terete se da su u\u010destvovali u strijeljanju vi&scaron;e od 800 bo&scaron;nja\u010dkih mu&scaron;karaca i dje\u010daka, koji su nakon pada za&scaron;ti\u0107ene zone Srebrenica i zarobljavanja od strane pripadnika VRS i MUP-a RS dovo\u017eeni na mjesto pogubljenja, na ekonomiji u Branjevu, gdje su ubijeni hicima iz vatrenog oru\u017eja.<\/p>\n","protected":false},"excerpt":{"rendered":"<p>Tu\u017eila&scaron;tvo BiH podiglo je optu\u017enicu protiv \u010detvorice biv&scaron;ih pripadnika 10. diverzantskog odreda G&Scaron; VRS, koji se terete za krivi\u010dno djelo genocida. Tu\u017eila&scaron;tvo Posebnog odjela za ratne zlo\u010dine BiH podigao je optu\u017enicu protiv Franca Kosa zvanog Slovenac i \u017duti, koristio se i imenom Branimir Manojlovi\u0107 (ro\u0111en 16. 7. 1966. godine u Celju, dr\u017eavljanin Slovenije s prijavljenim [&hellip;]<\/p>\n","protected":false},"author":1,"featured_media":0,"comment_status":"open","ping_status":"closed","sticky":false,"template":"","format":"standard","meta":{"_seopress_robots_primary_cat":"","_seopress_titles_title":"","_seopress_titles_desc":"","_seopress_robots_index":"","_et_pb_use_builder":"","_et_pb_old_content":"","_et_gb_content_width":"","inline_featured_image":false,"footnotes":""},"categories":[14],"tags":[],"class_list":["post-37829","post","type-post","status-publish","format-standard","hentry","category-vijesti"],"_links":{"self":[{"href":"https:\/\/www.pcnen.com\/portal\/wp-json\/wp\/v2\/posts\/37829","targetHints":{"allow":["GET"]}}],"collection":[{"href":"https:\/\/www.pcnen.com\/portal\/wp-json\/wp\/v2\/posts"}],"about":[{"href":"https:\/\/www.pcnen.com\/portal\/wp-json\/wp\/v2\/types\/post"}],"author":[{"embeddable":true,"href":"https:\/\/www.pcnen.com\/portal\/wp-json\/wp\/v2\/users\/1"}],"replies":[{"embeddable":true,"href":"https:\/\/www.pcnen.com\/portal\/wp-json\/wp\/v2\/comments?post=37829"}],"version-history":[{"count":0,"href":"https:\/\/www.pcnen.com\/portal\/wp-json\/wp\/v2\/posts\/37829\/revisions"}],"wp:attachment":[{"href":"https:\/\/www.pcnen.com\/portal\/wp-json\/wp\/v2\/media?parent=37829"}],"wp:term":[{"taxonomy":"category","embeddable":true,"href":"https:\/\/www.pcnen.com\/portal\/wp-json\/wp\/v2\/categories?post=37829"},{"taxonomy":"post_tag","embeddable":true,"href":"https:\/\/www.pcnen.com\/portal\/wp-json\/wp\/v2\/tags?post=37829"}],"curies":[{"name":"wp","href":"https:\/\/api.w.org\/{rel}","templated":true}]}}