{"id":37827,"date":"2010-08-10T16:22:15","date_gmt":"2010-08-10T16:22:15","guid":{"rendered":"http:\/\/www.pcnen.com\/portal\/?p=37827"},"modified":"2010-08-10T16:22:15","modified_gmt":"2010-08-10T16:22:15","slug":"josipovic-oduzima-glavasu-odlikovanja","status":"publish","type":"post","link":"https:\/\/www.pcnen.com\/portal\/2010\/08\/10\/josipovic-oduzima-glavasu-odlikovanja\/","title":{"rendered":"Josipovi\u0107 oduzima Glava\u0161u odlikovanja"},"content":{"rendered":"<p>Hrvatski predsjednik Ivo Josipovi\u0107 uskoro \u0107e Branimiru Glava&scaron;u oduzeti sedam odlikovanja koja mu je dodijelio prvi hrvatski predsjednik Franjo Tu\u0111man. <\/p>\n<p>Po&scaron;to je Vrhovni sud potvrdio pravosna\u017enost presude protiv Glava&scaron;a zbog ratnih zlo\u010dina koje je po\u010dinio u Osijeku 1991. godine o\u010dekuje se da Josipovi\u0107 realizuje svoju najavu da \u0107e u slu\u010daju Glava&scaron;a i njegovih odlikovanja postupiti po zakonu, pi&scaron;e <em>Jutarnji list. <\/em><\/p>\n<p>Branimir Glava&scaron; je jedan od hrvatskih generala sa najvi&scaron;e (7) odlikovanja. Za zasluge u stvaranju, odbrani i obnovi Hrvatske Franjo Tu\u0111man odlikovao ga je sa sedam odli\u010dja: Spomenicom Domovinskog rata, Spomenicom domovinske zahvalnosti, Redom hrvatskog troliste, Redom Ante Star\u010devi\u0107a, Redom bana Jela\u010di\u0107a, Redom kneza Domagoja s ogrlicom, Redom kneza Trpimira s ogrlicom i Danicom. <\/p>\n<p>Hrvatski Zakon o odlikovanjima i priznanjima precizira da predsjednik Republike Hrvatske mo\u017ee na predlog Dr\u017eavnog povjerenstva za odlikovanja i priznanja RH, ili po vlastitoj odluci, oduzeti odlikovanje ili priznanje ako nosilac postupa protivno pravnom poretku ili moralnim nazorima u Republici Hrvatskoj. <\/p>\n<p>Do sada je hrvatskim generalima i vojnim zvani\u010dnicima oduzeto ukupno 35 odlikovanja koja su dobili za u\u010de&scaron;\u0107a u ratovima u biv&scaron;oj Jugoslaviji. <\/p>\n<p>Vladimiru Zagorcu, osu\u0111enom zbog kra\u0111e dragulja ministarstva odbrane vrednih oko 5,5 miliona eura biv&scaron;i predsjednik Mesi\u0107 oduzeo je odlikovanja sedam dana od izricanaj prvostepene presude. <\/p>\n<p>Generalu Ivanu Koradeu odli\u010dja su posmrtno oduzeta zbog petostrukog ubistva u bjekstvu, a me\u0111u ubijenima je bio i 15-godi&scaron;nji dje\u010dak. <\/p>\n<p>Penzionisanom generalu Mirku Norcu, pripadniku tzv. gospi\u0107ke skupine, Mesi\u0107 je odli\u010dja oduzeo zbog ratnih zlo\u010dina u Gospi\u0107u i zlo\u010dina u Meda\u010dkome d\u017eepu. <\/p>\n<p>Sini&scaron;i Rimcu su oduzeta \u010detiri odli\u010dja posle pravosna\u017ene presude za zlo\u010dine po\u010dinjene u Pakra\u010dkoj poljani.&nbsp; <\/p>\n<p>Pored nabrojanih jo&scaron; &scaron;est hrvatskih generala ostalo je bez zasluga ste\u010denim za borbe u Domovinskom ratu. <\/p>\n","protected":false},"excerpt":{"rendered":"<p>Hrvatski predsjednik Ivo Josipovi\u0107 uskoro \u0107e Branimiru Glava&scaron;u oduzeti sedam odlikovanja koja mu je dodijelio prvi hrvatski predsjednik Franjo Tu\u0111man. Po&scaron;to je Vrhovni sud potvrdio pravosna\u017enost presude protiv Glava&scaron;a zbog ratnih zlo\u010dina koje je po\u010dinio u Osijeku 1991. godine o\u010dekuje se da Josipovi\u0107 realizuje svoju najavu da \u0107e u slu\u010daju Glava&scaron;a i njegovih odlikovanja postupiti [&hellip;]<\/p>\n","protected":false},"author":1,"featured_media":0,"comment_status":"open","ping_status":"closed","sticky":false,"template":"","format":"standard","meta":{"_seopress_robots_primary_cat":"","_seopress_titles_title":"","_seopress_titles_desc":"","_seopress_robots_index":"","_et_pb_use_builder":"","_et_pb_old_content":"","_et_gb_content_width":"","inline_featured_image":false,"footnotes":""},"categories":[14],"tags":[],"class_list":["post-37827","post","type-post","status-publish","format-standard","hentry","category-vijesti"],"_links":{"self":[{"href":"https:\/\/www.pcnen.com\/portal\/wp-json\/wp\/v2\/posts\/37827","targetHints":{"allow":["GET"]}}],"collection":[{"href":"https:\/\/www.pcnen.com\/portal\/wp-json\/wp\/v2\/posts"}],"about":[{"href":"https:\/\/www.pcnen.com\/portal\/wp-json\/wp\/v2\/types\/post"}],"author":[{"embeddable":true,"href":"https:\/\/www.pcnen.com\/portal\/wp-json\/wp\/v2\/users\/1"}],"replies":[{"embeddable":true,"href":"https:\/\/www.pcnen.com\/portal\/wp-json\/wp\/v2\/comments?post=37827"}],"version-history":[{"count":0,"href":"https:\/\/www.pcnen.com\/portal\/wp-json\/wp\/v2\/posts\/37827\/revisions"}],"wp:attachment":[{"href":"https:\/\/www.pcnen.com\/portal\/wp-json\/wp\/v2\/media?parent=37827"}],"wp:term":[{"taxonomy":"category","embeddable":true,"href":"https:\/\/www.pcnen.com\/portal\/wp-json\/wp\/v2\/categories?post=37827"},{"taxonomy":"post_tag","embeddable":true,"href":"https:\/\/www.pcnen.com\/portal\/wp-json\/wp\/v2\/tags?post=37827"}],"curies":[{"name":"wp","href":"https:\/\/api.w.org\/{rel}","templated":true}]}}