{"id":37823,"date":"2010-08-10T15:13:16","date_gmt":"2010-08-10T15:13:16","guid":{"rendered":"http:\/\/www.pcnen.com\/portal\/?p=37823"},"modified":"2010-08-10T15:13:16","modified_gmt":"2010-08-10T15:13:16","slug":"nema-potvrde-o-grobnici-kod-raske","status":"publish","type":"post","link":"https:\/\/www.pcnen.com\/portal\/2010\/08\/10\/nema-potvrde-o-grobnici-kod-raske\/","title":{"rendered":"Nema potvrde o grobnici kod Ra\u0161ke"},"content":{"rendered":"<p>Rezultati vje&scaron;ta\u010denja tla sa lokacije kod Ra&scaron;ke za koju se sumnjalo da je mjesto masovne grobnice u koju su prenijeti posmrtni ostaci kosovskih Albanaca su negativni, saznaje nezvani\u010dno agencija <em>Beta.<\/em><\/p>\n<p>U uzorcima uzetim na toj lokaciji nisu na\u0111ene organske materije, rekao je Betin sagovornik bizak istrazi.<\/p>\n<p>Vi&scaron;i sud u Beogradu saop&scaron;tio je danas da je Tu\u017eila&scaron;tvu za ratne zlo\u010dine dostavio rezultate vje&scaron;ta\u010denja koje je radio Gra\u0111evnski fakultet Univerziteta u Beogradu &#8211; Institut za saobra\u0107ajnice i geotehniku. U saop&scaron;tenju se, me\u0111utim, ne navodi kakvi su rezultati.<\/p>\n<p>Analiza je zavr&scaron;ena 5. avgusta, a rezultati su Tu\u017eila&scaron;tvu dostavljeni dan kasnije.<\/p>\n<p>Ra\u0111eno je vje&scaron;ta\u010denju tla na prostoru ispred upravne zgrade preduze\u0107a &quot;Kosmet-put&quot;, na lokalitetu Rudnica-Majdan, op&scaron;tina Ra&scaron;ka.<\/p>\n<p>I drugi <em>Betin<\/em> izvor blizak istrazi potvrdio je danas da su rezultati vje&scaron;ta\u010denja negativni, ali je doveo u pitanje lokaciju sa koje su uzorci uzeti.<\/p>\n<p>Drugi izvor tvrdi da postoje indicije da je grobnica ispod zgrade podignute naknadno na toj lokaciji, odakle nisu uzimani uzorci.<\/p>\n<p>Uzimanje uzoraka je ura\u0111eno po nalogu istraznog sudije Odjeljenja za ratne zlo\u010dine Vi&scaron;eg suda u Beogradu, kako bi se utvrdilo da li postoji masovna grobnice na lokaciji Ra&scaron;ka-Rudnica.<\/p>\n<p>Uzroci su uzeti 6. juna sa dubine &scaron;est do osam metara.<\/p>\n<p>Polovinom maja objavljeno je da se sumnja da su na tom mjestu sahranjeni ostaci tijela oko 250 kosovskih Albanaca stradalih u okolini Drenice tokom 1998-1999. godine.<\/p>\n","protected":false},"excerpt":{"rendered":"<p>Rezultati vje&scaron;ta\u010denja tla sa lokacije kod Ra&scaron;ke za koju se sumnjalo da je mjesto masovne grobnice u koju su prenijeti posmrtni ostaci kosovskih Albanaca su negativni, saznaje nezvani\u010dno agencija Beta. U uzorcima uzetim na toj lokaciji nisu na\u0111ene organske materije, rekao je Betin sagovornik bizak istrazi. Vi&scaron;i sud u Beogradu saop&scaron;tio je danas da je [&hellip;]<\/p>\n","protected":false},"author":1,"featured_media":0,"comment_status":"open","ping_status":"closed","sticky":false,"template":"","format":"standard","meta":{"_seopress_robots_primary_cat":"","_seopress_titles_title":"","_seopress_titles_desc":"","_seopress_robots_index":"","_et_pb_use_builder":"","_et_pb_old_content":"","_et_gb_content_width":"","inline_featured_image":false,"footnotes":""},"categories":[14],"tags":[],"class_list":["post-37823","post","type-post","status-publish","format-standard","hentry","category-vijesti"],"_links":{"self":[{"href":"https:\/\/www.pcnen.com\/portal\/wp-json\/wp\/v2\/posts\/37823","targetHints":{"allow":["GET"]}}],"collection":[{"href":"https:\/\/www.pcnen.com\/portal\/wp-json\/wp\/v2\/posts"}],"about":[{"href":"https:\/\/www.pcnen.com\/portal\/wp-json\/wp\/v2\/types\/post"}],"author":[{"embeddable":true,"href":"https:\/\/www.pcnen.com\/portal\/wp-json\/wp\/v2\/users\/1"}],"replies":[{"embeddable":true,"href":"https:\/\/www.pcnen.com\/portal\/wp-json\/wp\/v2\/comments?post=37823"}],"version-history":[{"count":0,"href":"https:\/\/www.pcnen.com\/portal\/wp-json\/wp\/v2\/posts\/37823\/revisions"}],"wp:attachment":[{"href":"https:\/\/www.pcnen.com\/portal\/wp-json\/wp\/v2\/media?parent=37823"}],"wp:term":[{"taxonomy":"category","embeddable":true,"href":"https:\/\/www.pcnen.com\/portal\/wp-json\/wp\/v2\/categories?post=37823"},{"taxonomy":"post_tag","embeddable":true,"href":"https:\/\/www.pcnen.com\/portal\/wp-json\/wp\/v2\/tags?post=37823"}],"curies":[{"name":"wp","href":"https:\/\/api.w.org\/{rel}","templated":true}]}}