{"id":37822,"date":"2010-08-10T14:27:43","date_gmt":"2010-08-10T14:27:43","guid":{"rendered":"http:\/\/www.pcnen.com\/portal\/?p=37822"},"modified":"2010-08-10T14:27:43","modified_gmt":"2010-08-10T14:27:43","slug":"spiricu-prijete-da-ce-platiti-sto-radi-protiv-drzave","status":"publish","type":"post","link":"https:\/\/www.pcnen.com\/portal\/2010\/08\/10\/spiricu-prijete-da-ce-platiti-sto-radi-protiv-drzave\/","title":{"rendered":"\u0160piri\u0107u prijete da \u0107e &#8216;platiti \u0161to radi protiv dr\u017eave&#8217;"},"content":{"rendered":"<p>Na adresu predsjedavaju\u0107eg Vije\u0107a ministara BiH Nikole &Scaron;piri\u0107a stigla je nova anonimna prijetnja smr\u0107u, za koju <em>Srna<\/em> saznaje da je upu\u0107ena pismom iz Mostara.<\/p>\n<p>&quot;Na&scaron; dobri \u010detni\u010de &Scaron;piri\u0107u, nemoj misliti da smo te mi zaboravili, samo smo te malo pustili da vidimo koliko mo\u017ee&scaron; biti bezobrazan&#8230; Ali budi suiguran da \u0107e ti do\u0107i kraj&#8230; Ima stara poslovica nije ni\u010dija gorila do zore, pa ne\u0107e ni tvoje \u010detni\u010dko pona&scaron;anje..&quot;, stoji u o&scaron;tro i vulgarno intoniranom pismu, prepunom gramati\u010dkih gre&scaron;aka. <\/p>\n<p>Anonimni po&scaron;iljalac te&scaron;ko \u010ditljivim rukopisom \u010dudi se &scaron;to ljudi oko &Scaron;piri\u0107a ne vide koliko on navodno radi protiv &quot;Bosne i bosanskog naroda&quot;. <\/p>\n<p>&quot;Namjerno smo izostavili i Hercegovine, jer i tu ima dosta usta&scaron;a koji rade protiv muslimanskog naroda, jer i vi \u010detnici i usta&scaron;e nije vam se ostvarilo u mjeri koju ste bili zacrtali&#8230; Mislili ste da \u0107e nas nestati, ali ste se grdno prevarili i samo vam mo\u017eemo pru\u010diti &#8211; desi li se opet, ne\u0107e vam se za trag znati&#8230;&quot;, stoji u anonimnoj prijetnji predsjedavaju\u0107em Vije\u0107a ministara BiH.<\/p>\n<p>U pismu je navedena i poruka Nikoli &Scaron;piri\u0107u da \u0107e sigurno platiti zato &scaron;to &quot;prima tolike pare, a radi protiv dr\u017eave&quot;.<\/p>\n<p>Ne &scaron;tede\u0107i najprostije psovke, autor anonimnog pisma poru\u010duje &Scaron;piri\u0107u da ga ne\u0107e ubiti, jer ga \u017eeli \u017eivog, a i metak je skup.<\/p>\n<p><em>Srni<\/em> je u &Scaron;piri\u0107evom kabinetu potvr\u0111eno da je pismo proslije\u0111eno na postupanje nadle\u017enim bezbjednosnim agencijama u BiH.<\/p>\n","protected":false},"excerpt":{"rendered":"<p>Na adresu predsjedavaju\u0107eg Vije\u0107a ministara BiH Nikole &Scaron;piri\u0107a stigla je nova anonimna prijetnja smr\u0107u, za koju Srna saznaje da je upu\u0107ena pismom iz Mostara. &quot;Na&scaron; dobri \u010detni\u010de &Scaron;piri\u0107u, nemoj misliti da smo te mi zaboravili, samo smo te malo pustili da vidimo koliko mo\u017ee&scaron; biti bezobrazan&#8230; Ali budi suiguran da \u0107e ti do\u0107i kraj&#8230; Ima [&hellip;]<\/p>\n","protected":false},"author":1,"featured_media":0,"comment_status":"open","ping_status":"closed","sticky":false,"template":"","format":"standard","meta":{"_seopress_robots_primary_cat":"","_seopress_titles_title":"","_seopress_titles_desc":"","_seopress_robots_index":"","_et_pb_use_builder":"","_et_pb_old_content":"","_et_gb_content_width":"","inline_featured_image":false,"footnotes":""},"categories":[14],"tags":[],"class_list":["post-37822","post","type-post","status-publish","format-standard","hentry","category-vijesti"],"_links":{"self":[{"href":"https:\/\/www.pcnen.com\/portal\/wp-json\/wp\/v2\/posts\/37822","targetHints":{"allow":["GET"]}}],"collection":[{"href":"https:\/\/www.pcnen.com\/portal\/wp-json\/wp\/v2\/posts"}],"about":[{"href":"https:\/\/www.pcnen.com\/portal\/wp-json\/wp\/v2\/types\/post"}],"author":[{"embeddable":true,"href":"https:\/\/www.pcnen.com\/portal\/wp-json\/wp\/v2\/users\/1"}],"replies":[{"embeddable":true,"href":"https:\/\/www.pcnen.com\/portal\/wp-json\/wp\/v2\/comments?post=37822"}],"version-history":[{"count":0,"href":"https:\/\/www.pcnen.com\/portal\/wp-json\/wp\/v2\/posts\/37822\/revisions"}],"wp:attachment":[{"href":"https:\/\/www.pcnen.com\/portal\/wp-json\/wp\/v2\/media?parent=37822"}],"wp:term":[{"taxonomy":"category","embeddable":true,"href":"https:\/\/www.pcnen.com\/portal\/wp-json\/wp\/v2\/categories?post=37822"},{"taxonomy":"post_tag","embeddable":true,"href":"https:\/\/www.pcnen.com\/portal\/wp-json\/wp\/v2\/tags?post=37822"}],"curies":[{"name":"wp","href":"https:\/\/api.w.org\/{rel}","templated":true}]}}