{"id":37818,"date":"2010-08-10T11:46:06","date_gmt":"2010-08-10T11:46:06","guid":{"rendered":"http:\/\/www.pcnen.com\/portal\/?p=37818"},"modified":"2010-08-10T11:46:06","modified_gmt":"2010-08-10T11:46:06","slug":"funkcionerima-u-bih-za-lazne-izjave-do-tri-godine-zatvora","status":"publish","type":"post","link":"https:\/\/www.pcnen.com\/portal\/2010\/08\/10\/funkcionerima-u-bih-za-lazne-izjave-do-tri-godine-zatvora\/","title":{"rendered":"Funkcionerima u BiH za la\u017ene izjave do tri godine zatvora"},"content":{"rendered":"<p>Funkcioneri bi ubudu\u0107e zbog davanja la\u017ene izjave tokom postupka imenovanja mogli da budu ka\u017enjeni zatvorskom kaznom do tri godine ili nov\u010danom kaznom, pi&scaron;e <em>Ve\u010dernji list.<\/em> &nbsp;<\/p>\n<p>Nedavno usvojeni predlozi zakona o izmjenama i dopunama Krivi\u010dnog zakona Federacije BiH u federalnom Parlamentu, po hitnom postupku, kona\u010dno su uskla\u0111eni sa Krivi\u010dnim zakonom BiH.<\/p>\n<p>Ujedna\u010davanje zakonskih rje&scaron;enja iz ove oblasti u cijeloj BiH jedan je od preostalih uslova koje zemlja mora ispuniti radi dobijanja bezviznog re\u017eima sa EU. <\/p>\n<p>Izmjene i dopune ovog zakona defini&scaron;u da onaj ko s ciljem obmanjivanja ili odr\u017eavanja u obmani tijela nadle\u017enog za imenovanje u FBiH o tome ispunjava li uslove za imenovanje na polo\u017eaj premijera ili ministra u federalnoj Vladi, odnosno za potvrdu na te polo\u017eaje tokom postupka imenovanja da la\u017enu izjavu u pisanom ili usmenom obliku, o podatku ili informaciji potrebnoj za utvr\u0111ivanje ispunjenja uslova, a za koju je obavezan da je pru\u017ei po zakonu, te na taj na\u010din prikrije ili izmijeni \u010dinjeniice zna\u010dajne za odluku o imenovanju, bi\u0107e ka\u017enjen nov\u010danom ili zatvorskom kaznom do tri godine.<\/p>\n<p>Ako po\u010dinilac takvog djela dobrovoljno opozove svoju la\u017enu izjavu prije nego &scaron;to je donesena kona\u010dna odluka o potvr\u0111ivanju, bi\u0107e ka\u017enjen nov\u010danom kaznom ili kaznom zatvora do &scaron;est mjeseci, a mo\u017ee biti i oslobo\u0111en kazne.<\/p>\n","protected":false},"excerpt":{"rendered":"<p>Funkcioneri bi ubudu\u0107e zbog davanja la\u017ene izjave tokom postupka imenovanja mogli da budu ka\u017enjeni zatvorskom kaznom do tri godine ili nov\u010danom kaznom, pi&scaron;e Ve\u010dernji list. &nbsp; Nedavno usvojeni predlozi zakona o izmjenama i dopunama Krivi\u010dnog zakona Federacije BiH u federalnom Parlamentu, po hitnom postupku, kona\u010dno su uskla\u0111eni sa Krivi\u010dnim zakonom BiH. Ujedna\u010davanje zakonskih rje&scaron;enja iz [&hellip;]<\/p>\n","protected":false},"author":1,"featured_media":0,"comment_status":"open","ping_status":"closed","sticky":false,"template":"","format":"standard","meta":{"_seopress_robots_primary_cat":"","_seopress_titles_title":"","_seopress_titles_desc":"","_seopress_robots_index":"","_et_pb_use_builder":"","_et_pb_old_content":"","_et_gb_content_width":"","inline_featured_image":false,"footnotes":""},"categories":[14],"tags":[],"class_list":["post-37818","post","type-post","status-publish","format-standard","hentry","category-vijesti"],"_links":{"self":[{"href":"https:\/\/www.pcnen.com\/portal\/wp-json\/wp\/v2\/posts\/37818","targetHints":{"allow":["GET"]}}],"collection":[{"href":"https:\/\/www.pcnen.com\/portal\/wp-json\/wp\/v2\/posts"}],"about":[{"href":"https:\/\/www.pcnen.com\/portal\/wp-json\/wp\/v2\/types\/post"}],"author":[{"embeddable":true,"href":"https:\/\/www.pcnen.com\/portal\/wp-json\/wp\/v2\/users\/1"}],"replies":[{"embeddable":true,"href":"https:\/\/www.pcnen.com\/portal\/wp-json\/wp\/v2\/comments?post=37818"}],"version-history":[{"count":0,"href":"https:\/\/www.pcnen.com\/portal\/wp-json\/wp\/v2\/posts\/37818\/revisions"}],"wp:attachment":[{"href":"https:\/\/www.pcnen.com\/portal\/wp-json\/wp\/v2\/media?parent=37818"}],"wp:term":[{"taxonomy":"category","embeddable":true,"href":"https:\/\/www.pcnen.com\/portal\/wp-json\/wp\/v2\/categories?post=37818"},{"taxonomy":"post_tag","embeddable":true,"href":"https:\/\/www.pcnen.com\/portal\/wp-json\/wp\/v2\/tags?post=37818"}],"curies":[{"name":"wp","href":"https:\/\/api.w.org\/{rel}","templated":true}]}}