{"id":37816,"date":"2010-08-10T11:23:56","date_gmt":"2010-08-10T11:23:56","guid":{"rendered":"http:\/\/www.pcnen.com\/portal\/?p=37816"},"modified":"2010-08-10T11:23:56","modified_gmt":"2010-08-10T11:23:56","slug":"i-direktorske-plate-po-kolektivnom-ugovoru","status":"publish","type":"post","link":"https:\/\/www.pcnen.com\/portal\/2010\/08\/10\/i-direktorske-plate-po-kolektivnom-ugovoru\/","title":{"rendered":"I direktorske plate po Kolektivnom ugovoru"},"content":{"rendered":"<p>Ministar zdravlja Miodrag Radunovi\u0107 poru\u010dio je da \u0107e direktori zdravstvenih ustanova u\u0107i u zonu krivi\u010dne odgovornosti ukoliko ubudu\u0107e ne budu obra\u010dunavali plate prema granskom kolektivnom ugovoru. <\/p>\n<p>On je za <em>Dan<\/em> rekao da je moralno da direktori podijele teret krize sa ostalim zaposlenima u javnom sektoru. <\/p>\n<p>Prema podacima Ministarstva, direktori 28 zdravstvenih ustanova vi&scaron;e od godinu nijesu obra\u010dunavali zarade po granskom kolektivnom ugovoru, a osnovne plate su im, po odlukama o naknadama odbora direktora tih institucija, uve\u0107ane u prosjeku za 650 eura, prenosi <em>INTV.<\/em><\/p>\n","protected":false},"excerpt":{"rendered":"<p>Ministar zdravlja Miodrag Radunovi\u0107 poru\u010dio je da \u0107e direktori zdravstvenih ustanova u\u0107i u zonu krivi\u010dne odgovornosti ukoliko ubudu\u0107e ne budu obra\u010dunavali plate prema granskom kolektivnom ugovoru. On je za Dan rekao da je moralno da direktori podijele teret krize sa ostalim zaposlenima u javnom sektoru. Prema podacima Ministarstva, direktori 28 zdravstvenih ustanova vi&scaron;e od godinu [&hellip;]<\/p>\n","protected":false},"author":1,"featured_media":0,"comment_status":"open","ping_status":"closed","sticky":false,"template":"","format":"standard","meta":{"_seopress_robots_primary_cat":"","_seopress_titles_title":"","_seopress_titles_desc":"","_seopress_robots_index":"","_et_pb_use_builder":"","_et_pb_old_content":"","_et_gb_content_width":"","inline_featured_image":false,"footnotes":""},"categories":[14],"tags":[],"class_list":["post-37816","post","type-post","status-publish","format-standard","hentry","category-vijesti"],"_links":{"self":[{"href":"https:\/\/www.pcnen.com\/portal\/wp-json\/wp\/v2\/posts\/37816","targetHints":{"allow":["GET"]}}],"collection":[{"href":"https:\/\/www.pcnen.com\/portal\/wp-json\/wp\/v2\/posts"}],"about":[{"href":"https:\/\/www.pcnen.com\/portal\/wp-json\/wp\/v2\/types\/post"}],"author":[{"embeddable":true,"href":"https:\/\/www.pcnen.com\/portal\/wp-json\/wp\/v2\/users\/1"}],"replies":[{"embeddable":true,"href":"https:\/\/www.pcnen.com\/portal\/wp-json\/wp\/v2\/comments?post=37816"}],"version-history":[{"count":0,"href":"https:\/\/www.pcnen.com\/portal\/wp-json\/wp\/v2\/posts\/37816\/revisions"}],"wp:attachment":[{"href":"https:\/\/www.pcnen.com\/portal\/wp-json\/wp\/v2\/media?parent=37816"}],"wp:term":[{"taxonomy":"category","embeddable":true,"href":"https:\/\/www.pcnen.com\/portal\/wp-json\/wp\/v2\/categories?post=37816"},{"taxonomy":"post_tag","embeddable":true,"href":"https:\/\/www.pcnen.com\/portal\/wp-json\/wp\/v2\/tags?post=37816"}],"curies":[{"name":"wp","href":"https:\/\/api.w.org\/{rel}","templated":true}]}}