{"id":37814,"date":"2010-08-10T11:15:13","date_gmt":"2010-08-10T11:15:13","guid":{"rendered":"http:\/\/www.pcnen.com\/portal\/?p=37814"},"modified":"2010-08-10T11:15:13","modified_gmt":"2010-08-10T11:15:13","slug":"najavljena-serija-hapsenja-na-sjeveru-kosova","status":"publish","type":"post","link":"https:\/\/www.pcnen.com\/portal\/2010\/08\/10\/najavljena-serija-hapsenja-na-sjeveru-kosova\/","title":{"rendered":"Najavljena serija hap\u0161enja na sjeveru Kosova"},"content":{"rendered":"<p>Policijska operacija na sjeveru Kosova, koju je najavio glavni tu\u017eilac Euleksa Johanes Van Vresvijk, po\u010de\u0107e ove nedjelje i plan hap&scaron;enja je spreman, pi&scaron;e pri&scaron;tinski <em>Ekspres<\/em>, pozivaju\u0107i se na ma\u0111unarodne izvore.<\/p>\n<p>List navodi da je izvor iz kosovske policije ocijenio da je na sjeveru potrebno samo uhapsiti 15 osoba za koje se smatra da kontroli&scaron;e kriminalne aktivnosti u tom dijelu Kosova.&nbsp;<\/p>\n<p>&quot;Oni kontroli&scaron;u i paralelne strukture, kao njihovi \u010dlanovi ili daju\u0107i im dio svog profita&quot;, naveo je neimenovani izvor lista. <\/p>\n","protected":false},"excerpt":{"rendered":"<p>Policijska operacija na sjeveru Kosova, koju je najavio glavni tu\u017eilac Euleksa Johanes Van Vresvijk, po\u010de\u0107e ove nedjelje i plan hap&scaron;enja je spreman, pi&scaron;e pri&scaron;tinski Ekspres, pozivaju\u0107i se na ma\u0111unarodne izvore. List navodi da je izvor iz kosovske policije ocijenio da je na sjeveru potrebno samo uhapsiti 15 osoba za koje se smatra da kontroli&scaron;e kriminalne [&hellip;]<\/p>\n","protected":false},"author":1,"featured_media":0,"comment_status":"open","ping_status":"closed","sticky":false,"template":"","format":"standard","meta":{"_seopress_robots_primary_cat":"","_seopress_titles_title":"","_seopress_titles_desc":"","_seopress_robots_index":"","_et_pb_use_builder":"","_et_pb_old_content":"","_et_gb_content_width":"","inline_featured_image":false,"footnotes":""},"categories":[14],"tags":[],"class_list":["post-37814","post","type-post","status-publish","format-standard","hentry","category-vijesti"],"_links":{"self":[{"href":"https:\/\/www.pcnen.com\/portal\/wp-json\/wp\/v2\/posts\/37814","targetHints":{"allow":["GET"]}}],"collection":[{"href":"https:\/\/www.pcnen.com\/portal\/wp-json\/wp\/v2\/posts"}],"about":[{"href":"https:\/\/www.pcnen.com\/portal\/wp-json\/wp\/v2\/types\/post"}],"author":[{"embeddable":true,"href":"https:\/\/www.pcnen.com\/portal\/wp-json\/wp\/v2\/users\/1"}],"replies":[{"embeddable":true,"href":"https:\/\/www.pcnen.com\/portal\/wp-json\/wp\/v2\/comments?post=37814"}],"version-history":[{"count":0,"href":"https:\/\/www.pcnen.com\/portal\/wp-json\/wp\/v2\/posts\/37814\/revisions"}],"wp:attachment":[{"href":"https:\/\/www.pcnen.com\/portal\/wp-json\/wp\/v2\/media?parent=37814"}],"wp:term":[{"taxonomy":"category","embeddable":true,"href":"https:\/\/www.pcnen.com\/portal\/wp-json\/wp\/v2\/categories?post=37814"},{"taxonomy":"post_tag","embeddable":true,"href":"https:\/\/www.pcnen.com\/portal\/wp-json\/wp\/v2\/tags?post=37814"}],"curies":[{"name":"wp","href":"https:\/\/api.w.org\/{rel}","templated":true}]}}