{"id":37807,"date":"2010-08-09T21:17:36","date_gmt":"2010-08-09T21:17:36","guid":{"rendered":"http:\/\/www.pcnen.com\/portal\/?p=37807"},"modified":"2010-08-09T21:17:36","modified_gmt":"2010-08-09T21:17:36","slug":"malovic-najavila-ugovor-o-izrucenju-sa-cg","status":"publish","type":"post","link":"https:\/\/www.pcnen.com\/portal\/2010\/08\/09\/malovic-najavila-ugovor-o-izrucenju-sa-cg\/","title":{"rendered":"Malovi\u0107 najavila Ugovor o izru\u010denju sa CG"},"content":{"rendered":"<p>Ministarka pravde Srbije Sne\u017eana Malovi\u0107 o\u010dekuje da \u0107e u narednih mjesec dana Srbija i sa Crnom Gorom potpisati Ugovor o izru\u010denju optu\u017eenih, kao &scaron;to je to ranije u\u010dinjeno sa Hrvatskom.<\/p>\n<p>&quot;U ovom trenutku Ministarstvo pravde prikuplja potrebna mi&scaron;ljenja da bi taj akt uputilo Vladi. Na prvoj narednoj sjednici Vlade bi\u0107e predlo\u017eeno potpisivanje ugovora sa Crnom Gorom i ja sam duboko uvjerena da \u0107e to biti prihva\u0107eno i da \u0107emo u narednih mjesec dana imati takav ugovor i sa Crnom Gorom&quot;, rekla je Malovi\u0107 za <em>RTS<\/em>. <\/p>\n","protected":false},"excerpt":{"rendered":"<p>Ministarka pravde Srbije Sne\u017eana Malovi\u0107 o\u010dekuje da \u0107e u narednih mjesec dana Srbija i sa Crnom Gorom potpisati Ugovor o izru\u010denju optu\u017eenih, kao &scaron;to je to ranije u\u010dinjeno sa Hrvatskom. &quot;U ovom trenutku Ministarstvo pravde prikuplja potrebna mi&scaron;ljenja da bi taj akt uputilo Vladi. Na prvoj narednoj sjednici Vlade bi\u0107e predlo\u017eeno potpisivanje ugovora sa Crnom [&hellip;]<\/p>\n","protected":false},"author":1,"featured_media":0,"comment_status":"open","ping_status":"closed","sticky":false,"template":"","format":"standard","meta":{"_seopress_robots_primary_cat":"","_seopress_titles_title":"","_seopress_titles_desc":"","_seopress_robots_index":"","_et_pb_use_builder":"","_et_pb_old_content":"","_et_gb_content_width":"","inline_featured_image":false,"footnotes":""},"categories":[14],"tags":[],"class_list":["post-37807","post","type-post","status-publish","format-standard","hentry","category-vijesti"],"_links":{"self":[{"href":"https:\/\/www.pcnen.com\/portal\/wp-json\/wp\/v2\/posts\/37807","targetHints":{"allow":["GET"]}}],"collection":[{"href":"https:\/\/www.pcnen.com\/portal\/wp-json\/wp\/v2\/posts"}],"about":[{"href":"https:\/\/www.pcnen.com\/portal\/wp-json\/wp\/v2\/types\/post"}],"author":[{"embeddable":true,"href":"https:\/\/www.pcnen.com\/portal\/wp-json\/wp\/v2\/users\/1"}],"replies":[{"embeddable":true,"href":"https:\/\/www.pcnen.com\/portal\/wp-json\/wp\/v2\/comments?post=37807"}],"version-history":[{"count":0,"href":"https:\/\/www.pcnen.com\/portal\/wp-json\/wp\/v2\/posts\/37807\/revisions"}],"wp:attachment":[{"href":"https:\/\/www.pcnen.com\/portal\/wp-json\/wp\/v2\/media?parent=37807"}],"wp:term":[{"taxonomy":"category","embeddable":true,"href":"https:\/\/www.pcnen.com\/portal\/wp-json\/wp\/v2\/categories?post=37807"},{"taxonomy":"post_tag","embeddable":true,"href":"https:\/\/www.pcnen.com\/portal\/wp-json\/wp\/v2\/tags?post=37807"}],"curies":[{"name":"wp","href":"https:\/\/api.w.org\/{rel}","templated":true}]}}