{"id":37805,"date":"2010-08-09T20:03:36","date_gmt":"2010-08-09T20:03:36","guid":{"rendered":"http:\/\/www.pcnen.com\/portal\/?p=37805"},"modified":"2010-08-09T20:03:36","modified_gmt":"2010-08-09T20:03:36","slug":"podignuta-optuznica-za-trafiking","status":"publish","type":"post","link":"https:\/\/www.pcnen.com\/portal\/2010\/08\/09\/podignuta-optuznica-za-trafiking\/","title":{"rendered":"Podignuta optu\u017enica za trafiking"},"content":{"rendered":"<p>Odjeljenje za suzbijanje organizovanog kriminala, korupcije, terorizma i ratnih zlo\u010dina podiglo je optu\u017enicu protiv Dejana Laku&scaron;i\u0107a i sedmo\u010dlane grupe zbog krivi\u010dnog djela zlo\u010dina\u010dko udru\u017eivanje u sticaju sa krivi\u010dnim djelom trgovina ljudima i posredovanje u vr&scaron;enju prostitucije. <\/p>\n<p>&quot;Okrivljenima je stavljeno na teret da su tokom pro&scaron;le godine do 14. februara ove u Srbiji i Crnoj Gori organizovanom trgovinom \u017eenama sa podru\u010dja Srbije i Kosova, i organizovanim posredovanjem u vr&scaron;enju prostitucije, stekli dobit za koju je Specijalno tu\u017eila&scaron;tvo predlo\u017eilo da bude oduzeta, zajedno sa predmetima koji su kori&scaron;\u0107eni za izvr&scaron;enje krivi\u010dnih djela&quot;, navedeno je u saop&scaron;tenju Vrhovnog dr\u017eavnog tu\u017eila&scaron;tva, prenosi <em>RTCG<\/em>.<\/p>\n<p>Istom optu\u017enicom obuhva\u0107eno je jo&scaron; osam osoba, od kojih su dvije optu\u017eene zbog krivi\u010dnog djela trgovina ljudima, tri zbog posredovanje u vr&scaron;enju prostitucije, a jo&scaron; toliko zbog zloupotrebe slu\u017ebenog polo\u017eaja.<\/p>\n<p>&quot;Vi&scaron;em sudu u Podgorici je predlo\u017eeno da se nakon podignute optu\u017enice produ\u017ei pritvor protiv devet lica &#8211; Dejana Laku&scaron;i\u0107a, Bogdana &Scaron;akovi\u0107a, Ranka Kora\u0107a, Dejana Popovi\u0107a, Mirka Tripkovi\u0107a, \u017darka Mrdaka, Aleksandra Dragi\u0107evi\u0107a, Petra Perunovi\u0107a i Vojislava Savkovi\u0107a&quot;, navedeno je u saop&scaron;tenju. <\/p>\n","protected":false},"excerpt":{"rendered":"<p>Odjeljenje za suzbijanje organizovanog kriminala, korupcije, terorizma i ratnih zlo\u010dina podiglo je optu\u017enicu protiv Dejana Laku&scaron;i\u0107a i sedmo\u010dlane grupe zbog krivi\u010dnog djela zlo\u010dina\u010dko udru\u017eivanje u sticaju sa krivi\u010dnim djelom trgovina ljudima i posredovanje u vr&scaron;enju prostitucije. &quot;Okrivljenima je stavljeno na teret da su tokom pro&scaron;le godine do 14. februara ove u Srbiji i Crnoj Gori [&hellip;]<\/p>\n","protected":false},"author":1,"featured_media":0,"comment_status":"open","ping_status":"closed","sticky":false,"template":"","format":"standard","meta":{"_seopress_robots_primary_cat":"","_seopress_titles_title":"","_seopress_titles_desc":"","_seopress_robots_index":"","_et_pb_use_builder":"","_et_pb_old_content":"","_et_gb_content_width":"","inline_featured_image":false,"footnotes":""},"categories":[14],"tags":[],"class_list":["post-37805","post","type-post","status-publish","format-standard","hentry","category-vijesti"],"_links":{"self":[{"href":"https:\/\/www.pcnen.com\/portal\/wp-json\/wp\/v2\/posts\/37805","targetHints":{"allow":["GET"]}}],"collection":[{"href":"https:\/\/www.pcnen.com\/portal\/wp-json\/wp\/v2\/posts"}],"about":[{"href":"https:\/\/www.pcnen.com\/portal\/wp-json\/wp\/v2\/types\/post"}],"author":[{"embeddable":true,"href":"https:\/\/www.pcnen.com\/portal\/wp-json\/wp\/v2\/users\/1"}],"replies":[{"embeddable":true,"href":"https:\/\/www.pcnen.com\/portal\/wp-json\/wp\/v2\/comments?post=37805"}],"version-history":[{"count":0,"href":"https:\/\/www.pcnen.com\/portal\/wp-json\/wp\/v2\/posts\/37805\/revisions"}],"wp:attachment":[{"href":"https:\/\/www.pcnen.com\/portal\/wp-json\/wp\/v2\/media?parent=37805"}],"wp:term":[{"taxonomy":"category","embeddable":true,"href":"https:\/\/www.pcnen.com\/portal\/wp-json\/wp\/v2\/categories?post=37805"},{"taxonomy":"post_tag","embeddable":true,"href":"https:\/\/www.pcnen.com\/portal\/wp-json\/wp\/v2\/tags?post=37805"}],"curies":[{"name":"wp","href":"https:\/\/api.w.org\/{rel}","templated":true}]}}